{"id":131463,"date":"2025-02-20T21:16:35","date_gmt":"2025-02-21T03:16:35","guid":{"rendered":"https:\/\/diariodigitalmx.com\/?p=131463"},"modified":"2025-02-20T21:18:30","modified_gmt":"2025-02-21T03:18:30","slug":"muere-daniel-bisogno-a-los-51-anos","status":"publish","type":"post","link":"https:\/\/diariodigitalmx.com\/index.php\/2025\/02\/20\/muere-daniel-bisogno-a-los-51-anos\/","title":{"rendered":"Muere Daniel Bisogno, a los 51 a\u00f1os"},"content":{"rendered":"\n<p> Blog Tinta en la Sangre<\/p>\n\n\n\n<p>*La noticia fue confirmada por la conductora Pati Chapoy, con quien comparti\u00f3 cr\u00e9ditos en el programa &#8220;Ventaneando&#8221;.<\/p>\n\n\n\n<p>&nbsp; &nbsp; &nbsp; &nbsp; &nbsp; &nbsp; &nbsp; &nbsp; &nbsp; Especial \/ BTS&nbsp;<\/p>\n\n\n\n<p>&nbsp; &nbsp;&#8220;Con inmensa tristeza les informo que Daniel Bisogno falleci\u00f3&#8221;, escribi\u00f3 Chapoy en sus redes sociales junto a una imagen en la que aparece al lado de su querido &#8220;Mu\u00f1eco.<\/p>\n\n\n\n<p>&nbsp; &nbsp;El conductor llevaba varios d\u00edas hospitalizado tras presentar una nueva crisis de salud que le impidi\u00f3 regresar a trabajar desde hace cinco meses, tras someterse a un trasplante de h\u00edgado.<\/p>\n\n\n\n<p>&nbsp; &nbsp;Bisogno estuvo en terapia intensiva e intubado en 2024 debido a problemas hep\u00e1ticos que lo llevaron a someterse a un trasplante de h\u00edgado en septiembre de ese a\u00f1o.<\/p>\n\n\n\n<p>&nbsp; &nbsp; En 2023 a\u00f1o su salud se deterior\u00f3 notablemente luego de que estuvo en el quir\u00f3fano en varias ocasiones, primero en junio cuando se le reventaron las v\u00e1rices esof\u00e1gicas por lo que lo tuvieron que operar de emergencia y estuvo en terapia intensiva.<\/p>\n\n\n\n<p>&nbsp; &nbsp;Despu\u00e9s, en noviembre de ese mismo a\u00f1o fue operado de la ves\u00edcula tras presentar un fuerte dolor, por lo que estuvo en terapia intermedia, en ese momento coment\u00f3 que perdi\u00f3 12 kilos porque estuvo sedado por mucho tiempo, ya que s\u00f3lo pod\u00eda consumir l\u00edquidos<\/p>\n\n\n\n<p>\u00bfQui\u00e9n fue Daniel Bisogno?<\/p>\n\n\n\n<p>&nbsp; &nbsp; Daniel Bisogno fue un periodista de espect\u00e1culos que por su estilo de informar estuvo en medio de la pol\u00e9mica en varias ocasiones, fue conductor del programa de TV Azteca \u201cVentaneando\u201d por m\u00e1s de 20 a\u00f1os, desde el a\u00f1o 1997 hasta el 2024.<\/p>\n\n\n\n<p>&nbsp; &nbsp;A lo largo de casi 27 a\u00f1os el nombre del conductor dio de qu\u00e9 hablar por diversos motivos, ya fuera por su trabajo en el programa de Azteca encabezado por Pati Chapoy, as\u00ed como por sus trabajos alternos en teatro y radio.<\/p>\n\n\n\n<p>&nbsp; &nbsp;Bisogno naci\u00f3 el 19 de mayo de 1973, adem\u00e1s de ser conductor, es actor egresado del Centro de Estudios Art\u00edsticos (CEA) de Televisa, a los siete a\u00f1os empez\u00f3 a hacer casting para pel\u00edculas y debut\u00f3 en la cinta \u201cFieras contra fieras\u201d en donde estuvo junto a Carmen Salinas y Adalberto Mart\u00ednez \u201cResortes\u201d.<\/p>\n\n\n\n<p>&nbsp; &nbsp;Ha participado en obras de teatro como \u201cEl Tenorio C\u00f3mico\u201d, \u201cCorre por tus viejas\u201d, \u201cEl sirenito\u201d, \u201cA oscuras me da risa\u201d y \u201cLagunilla mi barrio\u201d.<\/p>\n\n\n\n<p>&nbsp; &nbsp;Se integr\u00f3 a \u201cVentaneando\u201d un a\u00f1o despu\u00e9s de que iniciara el programa, en donde se ha caracterizado por dar su opini\u00f3n libre, en ocasiones con comentarios \u00e1cidos, con albures que en ocasiones lo han metido en problemas.<\/p>\n\n\n\n<p>&nbsp; &nbsp;Bisogno tiene una hija de siete a\u00f1os llamada Michaela que tuvo de su relaci\u00f3n con Cristina Riva Palacio con quien se cas\u00f3 en el a\u00f1o 2014 y se divorci\u00f3 cinco a\u00f1os despu\u00e9s.<\/p>\n\n\n\n<p>&nbsp; &nbsp;Es apodado como \u201cEl mu\u00f1e\u201d o \u201cmu\u00f1eco\u201d, nombre que le dio Aurora Valle cuando compartieron cr\u00e9ditos en \u201cVentaneando\u201d; uno de sus personajes m\u00e1s ic\u00f3nicos fue \u201cLa g\u00fcera Limantour\u201d.<\/p>\n","protected":false},"excerpt":{"rendered":"<p>Blog Tinta en la Sangre *La noticia fue confirmada por la conductora Pati Chapoy, con quien comparti\u00f3 cr\u00e9ditos en el programa &#8220;Ventaneando&#8221;. &nbsp; &nbsp; &nbsp; &nbsp; &nbsp; &nbsp; &nbsp; &nbsp; &nbsp; Especial \/ BTS&nbsp; &nbsp; &nbsp;&#8220;Con inmensa tristeza les informo que Daniel Bisogno falleci\u00f3&#8221;, escribi\u00f3 Chapoy en sus redes sociales junto a una imagen en [&hellip;]<\/p>\n","protected":false},"author":1,"featured_media":131465,"comment_status":"open","ping_status":"open","sticky":true,"template":"","format":"standard","meta":{"footnotes":""},"categories":[9,3,5],"tags":[],"_links":{"self":[{"href":"https:\/\/diariodigitalmx.com\/index.php\/wp-json\/wp\/v2\/posts\/131463"}],"collection":[{"href":"https:\/\/diariodigitalmx.com\/index.php\/wp-json\/wp\/v2\/posts"}],"about":[{"href":"https:\/\/diariodigitalmx.com\/index.php\/wp-json\/wp\/v2\/types\/post"}],"author":[{"embeddable":true,"href":"https:\/\/diariodigitalmx.com\/index.php\/wp-json\/wp\/v2\/users\/1"}],"replies":[{"embeddable":true,"href":"https:\/\/diariodigitalmx.com\/index.php\/wp-json\/wp\/v2\/comments?post=131463"}],"version-history":[{"count":1,"href":"https:\/\/diariodigitalmx.com\/index.php\/wp-json\/wp\/v2\/posts\/131463\/revisions"}],"predecessor-version":[{"id":131464,"href":"https:\/\/diariodigitalmx.com\/index.php\/wp-json\/wp\/v2\/posts\/131463\/revisions\/131464"}],"wp:featuredmedia":[{"embeddable":true,"href":"https:\/\/diariodigitalmx.com\/index.php\/wp-json\/wp\/v2\/media\/131465"}],"wp:attachment":[{"href":"https:\/\/diariodigitalmx.com\/index.php\/wp-json\/wp\/v2\/media?parent=131463"}],"wp:term":[{"taxonomy":"category","embeddable":true,"href":"https:\/\/diariodigitalmx.com\/index.php\/wp-json\/wp\/v2\/categories?post=131463"},{"taxonomy":"post_tag","embeddable":true,"href":"https:\/\/diariodigitalmx.com\/index.php\/wp-json\/wp\/v2\/tags?post=131463"}],"curies":[{"name":"wp","href":"https:\/\/api.w.org\/{rel}","templated":true}]}}