{"id":131501,"date":"2025-02-23T16:10:49","date_gmt":"2025-02-23T22:10:49","guid":{"rendered":"https:\/\/diariodigitalmx.com\/?p=131501"},"modified":"2025-02-23T16:27:56","modified_gmt":"2025-02-23T22:27:56","slug":"fomenta-monterrey-adopcion-gratuita-de-perros-y-gatos","status":"publish","type":"post","link":"https:\/\/diariodigitalmx.com\/index.php\/2025\/02\/23\/fomenta-monterrey-adopcion-gratuita-de-perros-y-gatos\/","title":{"rendered":"Fomenta Monterrey adopci\u00f3n gratuita de perros y gatos"},"content":{"rendered":"\n<p>Para concluir el proceso de atenci\u00f3n y dignificar la vida de perros y gatos maltratados, en abandono o situaci\u00f3n de calle, el Gobierno de Monterrey llev\u00f3 a cabo la Feria de Adopciones \u201cAmor que deja huella\u201d.<\/p>\n\n\n\n<p>El alcalde Adri\u00e1n de la Garza su esposa, la presidenta del DIF municipal, Gaby Oyervides, t el director general de Administraci\u00f3n, Marcelo Segovia recorrieron los m\u00f3dulos de esta brigada, as\u00ed como las \u00e1reas del Centro de Bienestar Animal ubicado en el Parque Espa\u00f1a.<\/p>\n\n\n\n<figure class=\"wp-block-image size-large\"><img loading=\"lazy\" decoding=\"async\" width=\"1024\" height=\"682\" src=\"https:\/\/diariodigitalmx.com\/wp-content\/uploads\/2025\/02\/IMG-20250223-WA0074-1024x682.jpg\" alt=\"\" class=\"wp-image-131523\" srcset=\"https:\/\/diariodigitalmx.com\/wp-content\/uploads\/2025\/02\/IMG-20250223-WA0074-1024x682.jpg 1024w, https:\/\/diariodigitalmx.com\/wp-content\/uploads\/2025\/02\/IMG-20250223-WA0074-300x200.jpg 300w, https:\/\/diariodigitalmx.com\/wp-content\/uploads\/2025\/02\/IMG-20250223-WA0074-768x512.jpg 768w, https:\/\/diariodigitalmx.com\/wp-content\/uploads\/2025\/02\/IMG-20250223-WA0074-1536x1023.jpg 1536w, https:\/\/diariodigitalmx.com\/wp-content\/uploads\/2025\/02\/IMG-20250223-WA0074.jpg 1600w\" sizes=\"(max-width: 1024px) 100vw, 1024px\" \/><\/figure>\n\n\n\n<p>Hoy, 22 perros y cinco gatos esterilizados y vacunados, tuvieron la oportunidad de encontrar un hogar donde reciban el cuidado que se merecen.<\/p>\n\n\n\n<p>De la Garza coincide con la filosof\u00eda del pacifista Mahatma Gandhi, quien dijo que \u201cla grandeza de una naci\u00f3n y su progreso moral pueden ser juzgados por la forma en que trata a sus animales\u201d, por eso llam\u00f3 a los regiomontanos a dar amor a los seres de cuatro paras.<\/p>\n\n\n\n<figure class=\"wp-block-image size-large\"><img loading=\"lazy\" decoding=\"async\" width=\"1024\" height=\"682\" src=\"https:\/\/diariodigitalmx.com\/wp-content\/uploads\/2025\/02\/IMG-20250223-WA0075-1024x682.jpg\" alt=\"\" class=\"wp-image-131524\" srcset=\"https:\/\/diariodigitalmx.com\/wp-content\/uploads\/2025\/02\/IMG-20250223-WA0075-1024x682.jpg 1024w, https:\/\/diariodigitalmx.com\/wp-content\/uploads\/2025\/02\/IMG-20250223-WA0075-300x200.jpg 300w, https:\/\/diariodigitalmx.com\/wp-content\/uploads\/2025\/02\/IMG-20250223-WA0075-768x512.jpg 768w, https:\/\/diariodigitalmx.com\/wp-content\/uploads\/2025\/02\/IMG-20250223-WA0075-1536x1023.jpg 1536w, https:\/\/diariodigitalmx.com\/wp-content\/uploads\/2025\/02\/IMG-20250223-WA0075.jpg 1600w\" sizes=\"(max-width: 1024px) 100vw, 1024px\" \/><\/figure>\n\n\n\n<p>El edil constat\u00f3 que las instalaciones del Centro de Bienestar Animal ofrecen un espacio amplio y bien equipado, con una gran capacidad de atenci\u00f3n con respeto y cuidado.<\/p>\n\n\n\n<p>El alcalde supervis\u00f3 las \u00e1reas de consulta veterinaria, el quir\u00f3fano, las jaulas para adopci\u00f3n, las piletas para ba\u00f1o, las jaulas de cuarentena, y la zona aislada para felinos, entre otras.<\/p>\n\n\n\n<p>Con este Centro se permite optimizar el cuidado de los animales, asegurando que aquellos con necesidad de atenci\u00f3n m\u00e9dica intensiva tengan un entorno controlado, mientras que las mascotas listas para adopci\u00f3n pueden ser atendidos en un espacio adecuado.<\/p>\n\n\n\n<p>Adoptar es un gran paso y es importante encontrar tutores responsables que puedan brindarles un hogar permanente, por eso el Gobierno de Monterrey en conjunto con asociaciones como: Solovino, Prodan, Rescatando Cachorros y Lena, buscan con esta Feria dar una segunda oportunidad a animales dom\u00e9sticos sin hogar.<\/p>\n\n\n\n<p>Para Karina Barr\u00f3n Perales, secretaria de Desarrollo Humano e Igualdad Sustantiva y el Ricardo de la Rocha Director de Salud, uno de los aspectos m\u00e1s importantes es la esterilizaci\u00f3n, para evitar la sobrepoblaci\u00f3n de caninos y felinos, que luego quedan en situaci\u00f3n de calle y sin cuidados.<\/p>\n\n\n\n<p>La funcionaria afirm\u00f3 que una persona que adopta tiene la gran oportunidad de conocer el amor incondicional, adem\u00e1s al entregar a un animalito, se abre un espacio para albergar a otro.<\/p>\n\n\n\n<p>En la brigada las agrupaciones solidarias ofrecieron accesorios, alimento y servicios a bajo costo.<\/p>\n\n\n\n<p>Para solicitar informaci\u00f3n puede marcar al 072 o consultar las redes sociales @saludybienestaranimalmonterrey.<\/p>\n\n\n\n<p>Los servicios tienen un horario de lunes a viernes de 8:00 a 17:00 horas.<\/p>\n","protected":false},"excerpt":{"rendered":"<p>Para concluir el proceso de atenci\u00f3n y dignificar la vida de perros y gatos maltratados, en abandono o situaci\u00f3n de calle, el Gobierno de Monterrey llev\u00f3 a cabo la Feria de Adopciones \u201cAmor que deja huella\u201d. El alcalde Adri\u00e1n de la Garza su esposa, la presidenta del DIF municipal, Gaby Oyervides, t el director general [&hellip;]<\/p>\n","protected":false},"author":1,"featured_media":131521,"comment_status":"open","ping_status":"open","sticky":true,"template":"","format":"standard","meta":{"footnotes":""},"categories":[14,6],"tags":[],"_links":{"self":[{"href":"https:\/\/diariodigitalmx.com\/index.php\/wp-json\/wp\/v2\/posts\/131501"}],"collection":[{"href":"https:\/\/diariodigitalmx.com\/index.php\/wp-json\/wp\/v2\/posts"}],"about":[{"href":"https:\/\/diariodigitalmx.com\/index.php\/wp-json\/wp\/v2\/types\/post"}],"author":[{"embeddable":true,"href":"https:\/\/diariodigitalmx.com\/index.php\/wp-json\/wp\/v2\/users\/1"}],"replies":[{"embeddable":true,"href":"https:\/\/diariodigitalmx.com\/index.php\/wp-json\/wp\/v2\/comments?post=131501"}],"version-history":[{"count":2,"href":"https:\/\/diariodigitalmx.com\/index.php\/wp-json\/wp\/v2\/posts\/131501\/revisions"}],"predecessor-version":[{"id":131525,"href":"https:\/\/diariodigitalmx.com\/index.php\/wp-json\/wp\/v2\/posts\/131501\/revisions\/131525"}],"wp:featuredmedia":[{"embeddable":true,"href":"https:\/\/diariodigitalmx.com\/index.php\/wp-json\/wp\/v2\/media\/131521"}],"wp:attachment":[{"href":"https:\/\/diariodigitalmx.com\/index.php\/wp-json\/wp\/v2\/media?parent=131501"}],"wp:term":[{"taxonomy":"category","embeddable":true,"href":"https:\/\/diariodigitalmx.com\/index.php\/wp-json\/wp\/v2\/categories?post=131501"},{"taxonomy":"post_tag","embeddable":true,"href":"https:\/\/diariodigitalmx.com\/index.php\/wp-json\/wp\/v2\/tags?post=131501"}],"curies":[{"name":"wp","href":"https:\/\/api.w.org\/{rel}","templated":true}]}}