{"id":131550,"date":"2025-02-24T18:18:20","date_gmt":"2025-02-25T00:18:20","guid":{"rendered":"https:\/\/diariodigitalmx.com\/?p=131550"},"modified":"2025-02-24T18:21:57","modified_gmt":"2025-02-25T00:21:57","slug":"honra-municipio-a-general-mariano-escobedo-destacan-legado-con-conferencia-magistral","status":"publish","type":"post","link":"https:\/\/diariodigitalmx.com\/index.php\/2025\/02\/24\/honra-municipio-a-general-mariano-escobedo-destacan-legado-con-conferencia-magistral\/","title":{"rendered":"Honra Municipio a General Mariano Escobedo; destacan legado con conferencia magistral"},"content":{"rendered":"\n<p>El Gobierno Municipal llev\u00f3 a cabo este lunes la conferencia magistral: \u201cMariano Escobedo y la Guerra de Reforma\u201d donde se honr\u00f3 el legado del h\u00e9roe nacional y su trascendencia para la 4T Norte\u00f1a.<br>La conferencia estuvo a cargo de Felipe \u00c1vila Espinosa, Director del Instituto Nacional de Estudios Hist\u00f3ricos, quien narr\u00f3 a los asistentes el papel que jug\u00f3 Escobedo en este hecho de relevancia hist\u00f3rica.<br>El Alcalde Andr\u00e9s Mijes al inaugurar el evento indic\u00f3 que la lucha encabezada por el General Mariano Escobedo fue clave de la Segunda Transformaci\u00f3n Nacional y que hoy esos ideales se alinean al Plan M\u00e9xico encabezado por la Presidenta Claudia Sheinbaum.<br>Y a\u00f1adi\u00f3 que es indispensable dar una nueva presencia a Mariano Escobedo, ya que es la prueba contundente de que en Nuevo Le\u00f3n se lleva la transformaci\u00f3n en la sangre.<\/p>\n\n\n\n<figure class=\"wp-block-image size-large\"><img loading=\"lazy\" decoding=\"async\" width=\"1024\" height=\"681\" src=\"https:\/\/diariodigitalmx.com\/wp-content\/uploads\/2025\/02\/5037512870727888480-1024x681.jpg\" alt=\"\" class=\"wp-image-131556\" srcset=\"https:\/\/diariodigitalmx.com\/wp-content\/uploads\/2025\/02\/5037512870727888480-1024x681.jpg 1024w, https:\/\/diariodigitalmx.com\/wp-content\/uploads\/2025\/02\/5037512870727888480-300x199.jpg 300w, https:\/\/diariodigitalmx.com\/wp-content\/uploads\/2025\/02\/5037512870727888480-768x511.jpg 768w, https:\/\/diariodigitalmx.com\/wp-content\/uploads\/2025\/02\/5037512870727888480.jpg 1280w\" sizes=\"(max-width: 1024px) 100vw, 1024px\" \/><\/figure>\n\n\n\n<p>\u201cLa Reforma de nuestro tiempo est\u00e1 en marcha y el general Escobedo debe ser el general de la 4T Norte\u00f1a, el general que siga guiando una lucha generosa por hacer m\u00e1s grande a M\u00e9xico.<br>Que la 4T Norte\u00f1a salga fortalecida de esta conferencia, conociendo mejor las ra\u00edces que la hacen fuerte, efectiva y que la vinculan con el escobedismo de nuestro tiempo, el nuevo escobedismo y el nuevo juarismo vuelto gobierno que genera crecimiento, acci\u00f3n y prosperidad social en el Plan M\u00e9xico, el plan de la Presidenta Claudia Sheinbaum\u201d, expres\u00f3 el Edil.<br>En su intervenci\u00f3n el escritor e historiador platic\u00f3 a los asistentes los detalles m\u00e1s relevantes de la Guerra de Reforma y como el General Escobedo logr\u00f3 ser parte fundamental en la protecci\u00f3n de la soberan\u00eda nacional.<\/p>\n\n\n\n<figure class=\"wp-block-image size-large\"><img loading=\"lazy\" decoding=\"async\" width=\"1024\" height=\"681\" src=\"https:\/\/diariodigitalmx.com\/wp-content\/uploads\/2025\/02\/5037512870727888497-1024x681.jpg\" alt=\"\" class=\"wp-image-131555\" srcset=\"https:\/\/diariodigitalmx.com\/wp-content\/uploads\/2025\/02\/5037512870727888497-1024x681.jpg 1024w, https:\/\/diariodigitalmx.com\/wp-content\/uploads\/2025\/02\/5037512870727888497-300x199.jpg 300w, https:\/\/diariodigitalmx.com\/wp-content\/uploads\/2025\/02\/5037512870727888497-768x511.jpg 768w, https:\/\/diariodigitalmx.com\/wp-content\/uploads\/2025\/02\/5037512870727888497.jpg 1280w\" sizes=\"(max-width: 1024px) 100vw, 1024px\" \/><\/figure>\n\n\n\n<p>\u201cUn patriota como pocos, por eso me parece que es muy importante que ustedes como hombres y mujeres que tienen la fortuna de compartir la patria chica con un h\u00e9roe nacional como Mariano Escobedo sigan record\u00e1ndolo con cari\u00f1o y con orgullo, porque Mariano Escobedo es una gloria nacional, una gloria para Nuevo Le\u00f3n y es un ejemplo\u201d, expres\u00f3 el conferencista.<br>La conferencia se llev\u00f3 a cabo en el marco del 157 Aniversario de la elevaci\u00f3n a Villa y 43 Aniversario de la elevaci\u00f3n a Ciudad de Genera Escobedo y este evento forma parte de las actividades programadas para<br>celebrar el bicentenario del natalicio del h\u00e9roe nacional que se conmemora el pr\u00f3ximo a\u00f1o.<br>Previo a este magno evento, por la ma\u00f1ana se realiz\u00f3 el izamiento y honores a la Bandera en la Explanada de la Plaza Principal, pues en este d\u00eda, tambi\u00e9n se conmemora este s\u00edmbolo patrio.<br>Adem\u00e1s, se hizo el abanderamiento de escoltas de diferentes planteles educativos del municipio. previamente se conmemor\u00f3 el D\u00eda de la Bandera, acto en el que participaron representantes de preescolar, primaria y secundaria.<\/p>\n","protected":false},"excerpt":{"rendered":"<p>El Gobierno Municipal llev\u00f3 a cabo este lunes la conferencia magistral: \u201cMariano Escobedo y la Guerra de Reforma\u201d donde se honr\u00f3 el legado del h\u00e9roe nacional y su trascendencia para la 4T Norte\u00f1a.La conferencia estuvo a cargo de Felipe \u00c1vila Espinosa, Director del Instituto Nacional de Estudios Hist\u00f3ricos, quien narr\u00f3 a los asistentes el papel [&hellip;]<\/p>\n","protected":false},"author":1,"featured_media":131553,"comment_status":"open","ping_status":"open","sticky":true,"template":"","format":"standard","meta":{"footnotes":""},"categories":[14,6],"tags":[],"_links":{"self":[{"href":"https:\/\/diariodigitalmx.com\/index.php\/wp-json\/wp\/v2\/posts\/131550"}],"collection":[{"href":"https:\/\/diariodigitalmx.com\/index.php\/wp-json\/wp\/v2\/posts"}],"about":[{"href":"https:\/\/diariodigitalmx.com\/index.php\/wp-json\/wp\/v2\/types\/post"}],"author":[{"embeddable":true,"href":"https:\/\/diariodigitalmx.com\/index.php\/wp-json\/wp\/v2\/users\/1"}],"replies":[{"embeddable":true,"href":"https:\/\/diariodigitalmx.com\/index.php\/wp-json\/wp\/v2\/comments?post=131550"}],"version-history":[{"count":3,"href":"https:\/\/diariodigitalmx.com\/index.php\/wp-json\/wp\/v2\/posts\/131550\/revisions"}],"predecessor-version":[{"id":131557,"href":"https:\/\/diariodigitalmx.com\/index.php\/wp-json\/wp\/v2\/posts\/131550\/revisions\/131557"}],"wp:featuredmedia":[{"embeddable":true,"href":"https:\/\/diariodigitalmx.com\/index.php\/wp-json\/wp\/v2\/media\/131553"}],"wp:attachment":[{"href":"https:\/\/diariodigitalmx.com\/index.php\/wp-json\/wp\/v2\/media?parent=131550"}],"wp:term":[{"taxonomy":"category","embeddable":true,"href":"https:\/\/diariodigitalmx.com\/index.php\/wp-json\/wp\/v2\/categories?post=131550"},{"taxonomy":"post_tag","embeddable":true,"href":"https:\/\/diariodigitalmx.com\/index.php\/wp-json\/wp\/v2\/tags?post=131550"}],"curies":[{"name":"wp","href":"https:\/\/api.w.org\/{rel}","templated":true}]}}