{"id":131558,"date":"2025-02-24T23:22:31","date_gmt":"2025-02-25T05:22:31","guid":{"rendered":"https:\/\/diariodigitalmx.com\/?p=131558"},"modified":"2025-02-24T23:25:44","modified_gmt":"2025-02-25T05:25:44","slug":"el-retrato-al-oleo-de-mujeres-ilustres-debe-estar-en-el-congreso-de-nl-propone-rocio-montalvo","status":"publish","type":"post","link":"https:\/\/diariodigitalmx.com\/index.php\/2025\/02\/24\/el-retrato-al-oleo-de-mujeres-ilustres-debe-estar-en-el-congreso-de-nl-propone-rocio-montalvo\/","title":{"rendered":"El retrato al \u00f3leo de mujeres ilustres debe estar en el Congreso de NL, propone Roc\u00edo Montalvo"},"content":{"rendered":"\n<p>*Actualmente solo hay hombres y no se reconoce la lucha de las mujeres<\/p>\n\n\n\n<p><strong>La Diputada Roc\u00edo Montalvo Adame propuso honrar la memoria de tres mujeres hist\u00f3ricas, ilustres y destacadas en Nuevo Le\u00f3n y M\u00e9xico, e instalar sus retratos al \u00f3leo en el vest\u00edbulo del Congreso del Estado, con motivo del D\u00eda&nbsp;<\/strong>Internacional de la Mujer, que se conmemora el 8 de marzo.<\/p>\n\n\n\n<p>En la tribuna donde expuso un Punto de Acuerdo, la legisladora de Movimiento Ciudadano record\u00f3 que, en muchas ocasiones los espacios de memoria y reconocimiento contin\u00faan privilegiando la imagen masculina, relegando a las mujeres al olvido.<\/p>\n\n\n\n<p>\u201cEn el vest\u00edbulo de este recinto oficial, que es la sede del Poder Legislativo del Estado de Nuevo Le\u00f3n, se encuentran exhibidos seis retratos de personajes ilustres que han marcado el rumbo de nuestro pa\u00eds y del estado. Como es evidente, todos estos retratos pertenecen a figuras masculinas, dejando sin el menor reconocimiento a las mujeres que han sido pieza clave en la historia de Nuevo Le\u00f3n y de M\u00e9xico\u201d, agreg\u00f3.<\/p>\n\n\n\n<figure class=\"wp-block-image size-large\"><img loading=\"lazy\" decoding=\"async\" width=\"1024\" height=\"682\" src=\"https:\/\/diariodigitalmx.com\/wp-content\/uploads\/2025\/02\/IMG-20250224-WA0153-1024x682.jpg\" alt=\"\" class=\"wp-image-131562\" srcset=\"https:\/\/diariodigitalmx.com\/wp-content\/uploads\/2025\/02\/IMG-20250224-WA0153-1024x682.jpg 1024w, https:\/\/diariodigitalmx.com\/wp-content\/uploads\/2025\/02\/IMG-20250224-WA0153-300x200.jpg 300w, https:\/\/diariodigitalmx.com\/wp-content\/uploads\/2025\/02\/IMG-20250224-WA0153-768x512.jpg 768w, https:\/\/diariodigitalmx.com\/wp-content\/uploads\/2025\/02\/IMG-20250224-WA0153.jpg 1280w\" sizes=\"(max-width: 1024px) 100vw, 1024px\" \/><\/figure>\n\n\n\n<p>Montalvo Adame manifest\u00f3 que el Congreso tiene la oportunidad de contribuir al cambio de narrativa y de garantizar que las futuras generaciones reconozcan el legado de las mujeres, que, junto a los hombres, han marcado la historia, y por ello, propuso la forma en que deber\u00e1n escogerse esas tres mujeres.<\/p>\n\n\n\n<p>\u201cPara la selecci\u00f3n de las tres mujeres que ser\u00e1n honradas con sus retratos en este Congreso, propongo la celebraci\u00f3n de una mesa de trabajo integrada por mujeres historiadoras, maestras, activistas, colectivos feministas, expertas en historia de g\u00e9nero y dem\u00e1s mujeres interesadas en la materia, para que en el \u00e1mbito de la buena fe incentivemos una profunda reflexi\u00f3n hist\u00f3rica. En dicha mesa de trabajo podremos analizar y determinar a qu\u00e9 tres mujeres se les rendir\u00e1 este homenaje, tomando en cuenta su relevancia hist\u00f3rica y su impacto en la sociedad\u201d.<\/p>\n\n\n\n<p>Asimismo, propuso que la fabricaci\u00f3n de los retratos al \u00f3leo se realice con recursos propios del Congreso del Estado y que la develaci\u00f3n de los mismos deber\u00e1 llevarse a cabo en una Sesi\u00f3n Solemne el pr\u00f3ximo 8 de marzo de 2026, garantizando con ello que este reconocimiento no quede en un simple exhorto, sino en una acci\u00f3n concreta de la Legislatura para que dignifique el papel de las mujeres en nuestra historia.<\/p>\n\n\n\n<p>Tambi\u00e9n record\u00f3 que la actual Legislatura 77 ya ha hecho historia al ser la primera en contar con una mayor\u00eda de diputadas sobre diputados, lo que refleja el avance en la participaci\u00f3n pol\u00edtica de las mujeres, \u201csin embargo, la paridad num\u00e9rica no es suficiente. Es fundamental que este hecho se convierta en acciones espec\u00edficas que promuevan la igualdad sustantiva y el reconocimiento del papel de las mujeres en nuestra historia y en la construcci\u00f3n de nuestro futuro.<\/p>\n\n\n\n<p>Es por eso que este Congreso, en congruencia con la representaci\u00f3n que hoy tiene y con el principio de justicia que lo fundamenta, debe tomar acci\u00f3n decidida en la visibilizaci\u00f3n de las contribuciones femeninas en la historia\u201d.<\/p>\n\n\n\n<p>La Diputada Montalvo mencion\u00f3 que es oportuno reivindicar la memoria de aquellas mujeres que, con su lucha, su intelecto y su entrega han contribuido a la construcci\u00f3n de nuestro presente.<\/p>\n\n\n\n<p>\u201cEs momento de visibilizar su legado y de inspirar a las generaciones futuras a seguir avanzando en la senda de la igualdad y la justicia. La historia no se construye en solitario, se construye con la voz y el esfuerzo de todas y todos. Hagamos justicia a las mujeres que han allanado el camino para las conquistas que hoy disfrutamos, y darles un espacio digno en los anales de la historia de nuestro estado\u201d, solicit\u00f3 a Diputadas y Diputados.<\/p>\n","protected":false},"excerpt":{"rendered":"<p>*Actualmente solo hay hombres y no se reconoce la lucha de las mujeres La Diputada Roc\u00edo Montalvo Adame propuso honrar la memoria de tres mujeres hist\u00f3ricas, ilustres y destacadas en Nuevo Le\u00f3n y M\u00e9xico, e instalar sus retratos al \u00f3leo en el vest\u00edbulo del Congreso del Estado, con motivo del D\u00eda&nbsp;Internacional de la Mujer, que [&hellip;]<\/p>\n","protected":false},"author":1,"featured_media":131560,"comment_status":"open","ping_status":"open","sticky":true,"template":"","format":"standard","meta":{"footnotes":""},"categories":[14,6],"tags":[],"_links":{"self":[{"href":"https:\/\/diariodigitalmx.com\/index.php\/wp-json\/wp\/v2\/posts\/131558"}],"collection":[{"href":"https:\/\/diariodigitalmx.com\/index.php\/wp-json\/wp\/v2\/posts"}],"about":[{"href":"https:\/\/diariodigitalmx.com\/index.php\/wp-json\/wp\/v2\/types\/post"}],"author":[{"embeddable":true,"href":"https:\/\/diariodigitalmx.com\/index.php\/wp-json\/wp\/v2\/users\/1"}],"replies":[{"embeddable":true,"href":"https:\/\/diariodigitalmx.com\/index.php\/wp-json\/wp\/v2\/comments?post=131558"}],"version-history":[{"count":2,"href":"https:\/\/diariodigitalmx.com\/index.php\/wp-json\/wp\/v2\/posts\/131558\/revisions"}],"predecessor-version":[{"id":131563,"href":"https:\/\/diariodigitalmx.com\/index.php\/wp-json\/wp\/v2\/posts\/131558\/revisions\/131563"}],"wp:featuredmedia":[{"embeddable":true,"href":"https:\/\/diariodigitalmx.com\/index.php\/wp-json\/wp\/v2\/media\/131560"}],"wp:attachment":[{"href":"https:\/\/diariodigitalmx.com\/index.php\/wp-json\/wp\/v2\/media?parent=131558"}],"wp:term":[{"taxonomy":"category","embeddable":true,"href":"https:\/\/diariodigitalmx.com\/index.php\/wp-json\/wp\/v2\/categories?post=131558"},{"taxonomy":"post_tag","embeddable":true,"href":"https:\/\/diariodigitalmx.com\/index.php\/wp-json\/wp\/v2\/tags?post=131558"}],"curies":[{"name":"wp","href":"https:\/\/api.w.org\/{rel}","templated":true}]}}