{"id":131571,"date":"2025-02-25T21:58:52","date_gmt":"2025-02-26T03:58:52","guid":{"rendered":"https:\/\/diariodigitalmx.com\/?p=131571"},"modified":"2025-02-25T22:48:51","modified_gmt":"2025-02-26T04:48:51","slug":"maria-de-villarreal-suma-a-tamaulipas-a-la-estrategia-nacional-vive-saludable-vive-feliz","status":"publish","type":"post","link":"https:\/\/diariodigitalmx.com\/index.php\/2025\/02\/25\/maria-de-villarreal-suma-a-tamaulipas-a-la-estrategia-nacional-vive-saludable-vive-feliz\/","title":{"rendered":"Mar\u00eda de Villarreal suma a Tamaulipas a la estrategia nacional \u201cVive Saludable, Vive Feliz\u201d"},"content":{"rendered":"\n<p>Ciudad de M\u00e9xico.- La presidenta del Sistema DIF Tamaulipas, Mar\u00eda de Villarreal, presenci\u00f3 en la capital del pa\u00eds el lanzamiento de la estrategia nacional &#8220;Vive Saludable, Vive Feliz&#8221;, por parte de la presidenta Claudia Sheinbaum Pardo; la cual tiene como objetivo prevenir y atender los principales padecimientos de la poblaci\u00f3n escolar.<\/p>\n\n\n\n<p>\u201cGracias al trabajo en equipo entre Gobierno Federal, Sistema Nacional DIF, IMSS- Bienestar, Secretar\u00eda de Educaci\u00f3n y Secretar\u00eda de Salud, tomamos las medidas necesarias para el cuidado de la salud y prevenci\u00f3n de enfermedades de nuestras ni\u00f1as y ni\u00f1os\u201d, dijo Mar\u00eda de Villarreal.<\/p>\n\n\n\n<figure class=\"wp-block-image size-large\"><img loading=\"lazy\" decoding=\"async\" width=\"1024\" height=\"682\" src=\"https:\/\/diariodigitalmx.com\/wp-content\/uploads\/2025\/02\/IMG-20250225-WA0205-1024x682.jpg\" alt=\"\" class=\"wp-image-131592\" srcset=\"https:\/\/diariodigitalmx.com\/wp-content\/uploads\/2025\/02\/IMG-20250225-WA0205-1024x682.jpg 1024w, https:\/\/diariodigitalmx.com\/wp-content\/uploads\/2025\/02\/IMG-20250225-WA0205-300x200.jpg 300w, https:\/\/diariodigitalmx.com\/wp-content\/uploads\/2025\/02\/IMG-20250225-WA0205-768x512.jpg 768w, https:\/\/diariodigitalmx.com\/wp-content\/uploads\/2025\/02\/IMG-20250225-WA0205-1536x1023.jpg 1536w, https:\/\/diariodigitalmx.com\/wp-content\/uploads\/2025\/02\/IMG-20250225-WA0205.jpg 1600w\" sizes=\"(max-width: 1024px) 100vw, 1024px\" \/><\/figure>\n\n\n\n<p>Detall\u00f3 que la estrategia incluir\u00e1 evaluaciones de agudeza visual, salud bucal, peso, talla y orientaci\u00f3n nutricional, entre otras, &#8220;para que los ni\u00f1os crezcan sanos y felices&#8221;.<\/p>\n\n\n\n<p>Es importante destacar que el Sistema DIF Tamaulipas, en conjunto con la Secretar\u00eda de Educaci\u00f3n y la Secretar\u00eda de Salud, est\u00e1 llevando a cabo el Registro Estatal de Peso y Talla en estudiantes de escuelas de nivel b\u00e1sico, lo que contribuir\u00e1 a los objetivos de la estrategia nacional.<\/p>\n\n\n\n<figure class=\"wp-block-image size-large\"><img loading=\"lazy\" decoding=\"async\" width=\"1024\" height=\"682\" src=\"https:\/\/diariodigitalmx.com\/wp-content\/uploads\/2025\/02\/IMG-20250225-WA0208-1024x682.jpg\" alt=\"\" class=\"wp-image-131593\" srcset=\"https:\/\/diariodigitalmx.com\/wp-content\/uploads\/2025\/02\/IMG-20250225-WA0208-1024x682.jpg 1024w, https:\/\/diariodigitalmx.com\/wp-content\/uploads\/2025\/02\/IMG-20250225-WA0208-300x200.jpg 300w, https:\/\/diariodigitalmx.com\/wp-content\/uploads\/2025\/02\/IMG-20250225-WA0208-768x512.jpg 768w, https:\/\/diariodigitalmx.com\/wp-content\/uploads\/2025\/02\/IMG-20250225-WA0208-1536x1023.jpg 1536w, https:\/\/diariodigitalmx.com\/wp-content\/uploads\/2025\/02\/IMG-20250225-WA0208.jpg 1600w\" sizes=\"(max-width: 1024px) 100vw, 1024px\" \/><\/figure>\n\n\n\n<p>A trav\u00e9s de &#8220;Vive Saludable, Vive Feliz&#8221;, personal del Instituto Mexicano del Seguro Social, en coordinaci\u00f3n con los sistemas DIF estatales y las Secretar\u00edas de Educaci\u00f3n y Salud, visitar\u00e1 las escuelas del pa\u00eds para detectar y atender padecimientos en las y los estudiantes.<\/p>\n","protected":false},"excerpt":{"rendered":"<p>Ciudad de M\u00e9xico.- La presidenta del Sistema DIF Tamaulipas, Mar\u00eda de Villarreal, presenci\u00f3 en la capital del pa\u00eds el lanzamiento de la estrategia nacional &#8220;Vive Saludable, Vive Feliz&#8221;, por parte de la presidenta Claudia Sheinbaum Pardo; la cual tiene como objetivo prevenir y atender los principales padecimientos de la poblaci\u00f3n escolar. \u201cGracias al trabajo en [&hellip;]<\/p>\n","protected":false},"author":1,"featured_media":131590,"comment_status":"open","ping_status":"open","sticky":true,"template":"","format":"standard","meta":{"footnotes":""},"categories":[14,19],"tags":[],"_links":{"self":[{"href":"https:\/\/diariodigitalmx.com\/index.php\/wp-json\/wp\/v2\/posts\/131571"}],"collection":[{"href":"https:\/\/diariodigitalmx.com\/index.php\/wp-json\/wp\/v2\/posts"}],"about":[{"href":"https:\/\/diariodigitalmx.com\/index.php\/wp-json\/wp\/v2\/types\/post"}],"author":[{"embeddable":true,"href":"https:\/\/diariodigitalmx.com\/index.php\/wp-json\/wp\/v2\/users\/1"}],"replies":[{"embeddable":true,"href":"https:\/\/diariodigitalmx.com\/index.php\/wp-json\/wp\/v2\/comments?post=131571"}],"version-history":[{"count":2,"href":"https:\/\/diariodigitalmx.com\/index.php\/wp-json\/wp\/v2\/posts\/131571\/revisions"}],"predecessor-version":[{"id":131594,"href":"https:\/\/diariodigitalmx.com\/index.php\/wp-json\/wp\/v2\/posts\/131571\/revisions\/131594"}],"wp:featuredmedia":[{"embeddable":true,"href":"https:\/\/diariodigitalmx.com\/index.php\/wp-json\/wp\/v2\/media\/131590"}],"wp:attachment":[{"href":"https:\/\/diariodigitalmx.com\/index.php\/wp-json\/wp\/v2\/media?parent=131571"}],"wp:term":[{"taxonomy":"category","embeddable":true,"href":"https:\/\/diariodigitalmx.com\/index.php\/wp-json\/wp\/v2\/categories?post=131571"},{"taxonomy":"post_tag","embeddable":true,"href":"https:\/\/diariodigitalmx.com\/index.php\/wp-json\/wp\/v2\/tags?post=131571"}],"curies":[{"name":"wp","href":"https:\/\/api.w.org\/{rel}","templated":true}]}}