{"id":131573,"date":"2025-02-25T22:00:40","date_gmt":"2025-02-26T04:00:40","guid":{"rendered":"https:\/\/diariodigitalmx.com\/?p=131573"},"modified":"2025-02-25T22:51:38","modified_gmt":"2025-02-26T04:51:38","slug":"urge-heriberto-trevino-a-combatir-la-contaminacion-de-forma-integral","status":"publish","type":"post","link":"https:\/\/diariodigitalmx.com\/index.php\/2025\/02\/25\/urge-heriberto-trevino-a-combatir-la-contaminacion-de-forma-integral\/","title":{"rendered":"Urge Heriberto Trevi\u00f1o a combatir la contaminaci\u00f3n de forma integral"},"content":{"rendered":"\n<p>El Coordinador del Grupo Legislativo del PRI, Heriberto Trevi\u00f1o Cant\u00fa, urgi\u00f3 establecer acciones integrales entre las autoridades de los tres niveles de gobierno y sociedad civil para disminuir los \u00edndices de contaminaci\u00f3n y llamo a reactivar las alertas ambientales para prevenir a la poblaci\u00f3n cuando haya mala calidad del aire.<\/p>\n\n\n\n<p>El l\u00edder de la bancada del PRI precis\u00f3 que \u00e9l mismo ha padecido las consecuencias de la mala contaminaci\u00f3n ambiental que impera en la zona metropolitana,<\/p>\n\n\n\n<p>\u201cEs lastimoso ver los altos \u00edndices de contaminaci\u00f3n, siendo ya el primer lugar en Latinoam\u00e9rica, tenemos que estar trabajando los tres niveles de gobierno coordinados y, desde el Congreso, exhortando a que se trabaje fuertemente en este tema. Vemos que d\u00eda con d\u00eda m\u00e1s personas se enferman y me siento afectado por el tema de contaminaci\u00f3n, traigo la alergia a todo lo que da\u201d, apunt\u00f3<\/p>\n\n\n\n<p>\u201cTenemos que estar todos de alguna manera en conjunto buscando soluciones con las autoridades competentes, las alertas que vuelvan a estar checando todo, diariamente, para poder bajar estos \u00edndices de contaminaci\u00f3n, no solamente es de las empresas ni el gobierno, tambi\u00e9n nosotros como ciudadanos tenemos que hacer conciencia de cuidar nuestro medio ambiente\u201d, agreg\u00f3.<\/p>\n\n\n\n<p>Desde el Congreso del Estado, Trevi\u00f1o Cant\u00fa exhort\u00f3 a las autoridades competentes para que le pongan atenci\u00f3n a la mala calidad del aire que lastima y da\u00f1a la salud de la poblaci\u00f3n.<\/p>\n\n\n\n<p>\u201cNosotros estamos pujando para que se haga algo positivo para nuestro estado, estamos buscando soluciones, no es un tema de estar culpando a alguien, busquemos soluciones para enfrentar la problem\u00e1tica que tenemos\u201d, afirm\u00f3.<\/p>\n\n\n\n<p>\u201cTodo lo que sea para el bien de nuestro estado y para abatir la contaminaci\u00f3n, la bancada del PRI se estar\u00e1 sumando, nosotros queremos que nuestros hijos respiren aire limpio, que nuestros hijos puedan vivir mejor\u201d, refiri\u00f3 Trevi\u00f1o Cant\u00fa.&nbsp;<\/p>\n","protected":false},"excerpt":{"rendered":"<p>El Coordinador del Grupo Legislativo del PRI, Heriberto Trevi\u00f1o Cant\u00fa, urgi\u00f3 establecer acciones integrales entre las autoridades de los tres niveles de gobierno y sociedad civil para disminuir los \u00edndices de contaminaci\u00f3n y llamo a reactivar las alertas ambientales para prevenir a la poblaci\u00f3n cuando haya mala calidad del aire. El l\u00edder de la bancada [&hellip;]<\/p>\n","protected":false},"author":1,"featured_media":131596,"comment_status":"open","ping_status":"open","sticky":true,"template":"","format":"standard","meta":{"footnotes":""},"categories":[14,6],"tags":[],"_links":{"self":[{"href":"https:\/\/diariodigitalmx.com\/index.php\/wp-json\/wp\/v2\/posts\/131573"}],"collection":[{"href":"https:\/\/diariodigitalmx.com\/index.php\/wp-json\/wp\/v2\/posts"}],"about":[{"href":"https:\/\/diariodigitalmx.com\/index.php\/wp-json\/wp\/v2\/types\/post"}],"author":[{"embeddable":true,"href":"https:\/\/diariodigitalmx.com\/index.php\/wp-json\/wp\/v2\/users\/1"}],"replies":[{"embeddable":true,"href":"https:\/\/diariodigitalmx.com\/index.php\/wp-json\/wp\/v2\/comments?post=131573"}],"version-history":[{"count":1,"href":"https:\/\/diariodigitalmx.com\/index.php\/wp-json\/wp\/v2\/posts\/131573\/revisions"}],"predecessor-version":[{"id":131574,"href":"https:\/\/diariodigitalmx.com\/index.php\/wp-json\/wp\/v2\/posts\/131573\/revisions\/131574"}],"wp:featuredmedia":[{"embeddable":true,"href":"https:\/\/diariodigitalmx.com\/index.php\/wp-json\/wp\/v2\/media\/131596"}],"wp:attachment":[{"href":"https:\/\/diariodigitalmx.com\/index.php\/wp-json\/wp\/v2\/media?parent=131573"}],"wp:term":[{"taxonomy":"category","embeddable":true,"href":"https:\/\/diariodigitalmx.com\/index.php\/wp-json\/wp\/v2\/categories?post=131573"},{"taxonomy":"post_tag","embeddable":true,"href":"https:\/\/diariodigitalmx.com\/index.php\/wp-json\/wp\/v2\/tags?post=131573"}],"curies":[{"name":"wp","href":"https:\/\/api.w.org\/{rel}","templated":true}]}}