{"id":131575,"date":"2025-02-25T22:01:43","date_gmt":"2025-02-26T04:01:43","guid":{"rendered":"https:\/\/diariodigitalmx.com\/?p=131575"},"modified":"2025-02-25T22:50:17","modified_gmt":"2025-02-26T04:50:17","slug":"pide-armida-serrato-aclarar-recursos-de-programas-sociales","status":"publish","type":"post","link":"https:\/\/diariodigitalmx.com\/index.php\/2025\/02\/25\/pide-armida-serrato-aclarar-recursos-de-programas-sociales\/","title":{"rendered":"Pide Armida Serrato aclarar recursos de programas sociales"},"content":{"rendered":"\n<p>A trav\u00e9s de un exhorto, la Diputada local del PRI, Armida Serrato Flores cuestion\u00f3 a la Secretar\u00eda de Igualdad e Inclusi\u00f3n Estatal la suspensi\u00f3n de entrega de apoyos en los meses de agosto a diciembre de 2024 a los beneficiarios de los programas sociales \u201cHambre cero\u201d, \u201cIncluir para ser iguales\u201d, \u201cimpulso a cuidadoras\u201d y \u201cJefas de familia\u201d por lo que pidi\u00f3 una explicaci\u00f3n sobre el destino de los recursos correspondientes.<\/p>\n\n\n\n<p>La legisladora tricolor urgi\u00f3 a Martha Herrera, Secretaria de Igualdad de Inclusi\u00f3n esclarecer los motivos por los cuales dichos programas sociales fueron suspendidos, adem\u00e1s solicit\u00f3 saber el monto dispensado para cada uno de los programas sociales tanto para el a\u00f1o 2023 y para el a\u00f1o 2024.<\/p>\n\n\n\n<p>\u201cQueremos que los ciudadanos beneficiarios de estos programas sociales reciban informaci\u00f3n clara y actualizada sobre las fechas de entrega de sus apoyos correspondientes durante este a\u00f1o, as\u00ed como sobre los motivos de la interrupci\u00f3n en las entregas que tuvo lugar entre los meses de agosto y diciembre del a\u00f1o pasado\u201d, enfatiz\u00f3.<\/p>\n\n\n\n<p>Serrato Flores precis\u00f3 que, a trav\u00e9s de diversos oficios entregados en la oficina estatal, el pasado 20 de enero, y el 7 y 18 de febrero, solicit\u00f3 la informaci\u00f3n sobre la suspensi\u00f3n de los programas sociales, sin embargo, las autoridades han sido muy parcos.<\/p>\n\n\n\n<p>\u201cEn los dos oficios no tuve respuesta por parte de la Secretar\u00eda, sin embargo, el 9 o 10 de febrero se reactiv\u00f3 el pago solamente del mes de enero que es un pago que se les hace de 800 pesos a las personas que est\u00e1n inscritas\u201d, afirm\u00f3.<\/p>\n\n\n\n<p>\u201cPero no han informado nada de los pagos que est\u00e1n pendientes de los meses de agosto a diciembre\u201d, a\u00f1adi\u00f3.<\/p>\n\n\n\n<p>Asimismo, pidi\u00f3 conocer la fecha y la forma en que se cubrir\u00e1n los adeudos a los beneficiarios. Y de qu\u00e9 manera garantiza que para este a\u00f1o 2025 no se suspenda la entrega de los apoyos.<\/p>\n\n\n\n<p>Detall\u00f3 que el presupuesto 2025 para el programa \u201cHambre Cero\u201d se destinaron 417 millones 123 pesos, para \u201cImpulso a Cuidadoras\u201d se otorgaron 67 millones 084 mil pesos, para \u201cPersonas con discapacidad\u201d 147 millones 238 mil pesos y para \u201cMadres Jefas de Familia\u201d, 140 millones 857 mil pesos.<\/p>\n\n\n\n<p>Agreg\u00f3 que el \u00e1rea jur\u00eddica de la Secretar\u00eda solo contest\u00f3 los oficios informando que ya estaban realizando los pagos.<\/p>\n","protected":false},"excerpt":{"rendered":"<p>A trav\u00e9s de un exhorto, la Diputada local del PRI, Armida Serrato Flores cuestion\u00f3 a la Secretar\u00eda de Igualdad e Inclusi\u00f3n Estatal la suspensi\u00f3n de entrega de apoyos en los meses de agosto a diciembre de 2024 a los beneficiarios de los programas sociales \u201cHambre cero\u201d, \u201cIncluir para ser iguales\u201d, \u201cimpulso a cuidadoras\u201d y \u201cJefas [&hellip;]<\/p>\n","protected":false},"author":1,"featured_media":131595,"comment_status":"open","ping_status":"open","sticky":true,"template":"","format":"standard","meta":{"footnotes":""},"categories":[14,6],"tags":[],"_links":{"self":[{"href":"https:\/\/diariodigitalmx.com\/index.php\/wp-json\/wp\/v2\/posts\/131575"}],"collection":[{"href":"https:\/\/diariodigitalmx.com\/index.php\/wp-json\/wp\/v2\/posts"}],"about":[{"href":"https:\/\/diariodigitalmx.com\/index.php\/wp-json\/wp\/v2\/types\/post"}],"author":[{"embeddable":true,"href":"https:\/\/diariodigitalmx.com\/index.php\/wp-json\/wp\/v2\/users\/1"}],"replies":[{"embeddable":true,"href":"https:\/\/diariodigitalmx.com\/index.php\/wp-json\/wp\/v2\/comments?post=131575"}],"version-history":[{"count":1,"href":"https:\/\/diariodigitalmx.com\/index.php\/wp-json\/wp\/v2\/posts\/131575\/revisions"}],"predecessor-version":[{"id":131576,"href":"https:\/\/diariodigitalmx.com\/index.php\/wp-json\/wp\/v2\/posts\/131575\/revisions\/131576"}],"wp:featuredmedia":[{"embeddable":true,"href":"https:\/\/diariodigitalmx.com\/index.php\/wp-json\/wp\/v2\/media\/131595"}],"wp:attachment":[{"href":"https:\/\/diariodigitalmx.com\/index.php\/wp-json\/wp\/v2\/media?parent=131575"}],"wp:term":[{"taxonomy":"category","embeddable":true,"href":"https:\/\/diariodigitalmx.com\/index.php\/wp-json\/wp\/v2\/categories?post=131575"},{"taxonomy":"post_tag","embeddable":true,"href":"https:\/\/diariodigitalmx.com\/index.php\/wp-json\/wp\/v2\/tags?post=131575"}],"curies":[{"name":"wp","href":"https:\/\/api.w.org\/{rel}","templated":true}]}}