{"id":131577,"date":"2025-02-25T22:08:00","date_gmt":"2025-02-26T04:08:00","guid":{"rendered":"https:\/\/diariodigitalmx.com\/?p=131577"},"modified":"2025-02-25T22:09:30","modified_gmt":"2025-02-26T04:09:30","slug":"aprueban-diputados-inscribir-en-muro-de-honor-a-la-comunidad-mexicana-migrante","status":"publish","type":"post","link":"https:\/\/diariodigitalmx.com\/index.php\/2025\/02\/25\/aprueban-diputados-inscribir-en-muro-de-honor-a-la-comunidad-mexicana-migrante\/","title":{"rendered":"Aprueban Diputados inscribir en Muro de Honor \u201ca la Comunidad Mexicana Migrante\u201d \u00a0"},"content":{"rendered":"\n<figure class=\"wp-block-table\"><table><tbody><tr><td><\/td><\/tr><\/tbody><\/table><\/figure>\n\n\n\n<figure class=\"wp-block-table\"><table><tbody><tr><td>\u00a0 El Pleno de la C\u00e1mara de Diputados aprob\u00f3 por unanimidad, con 456 votos, el dictamen para inscribir con letras de oro en el Muro de Honor del sal\u00f3n de sesiones del recinto legislativo de San L\u00e1zaro, la frase \u201cA la Comunidad Mexicana Migrante\u201d, que impuls\u00f3 la diputada federal Marcela Guerra Castillo, Presidenta de la Comisi\u00f3n de Asuntos Migratorios, con el respaldo de quienes integran la Mesa Directiva, la Junta de Coordinaci\u00f3n Pol\u00edtica, as\u00ed como diputadas y diputados federales del PRI y de todos los grupos parlamentarios. <br>Luego de que se avalara el dictamen durante la sesi\u00f3n ordinaria, la legisladora priista sostuvo que la migraci\u00f3n implica desaf\u00edos y momentos de incertidumbre, por ello, subray\u00f3, hoy reconocemos a mujeres y hombres valientes que, son el reflejo de resiliencia, valent\u00eda, fuerza y determinaci\u00f3n, en su camino por un mejor futuro, quienes han demostrado que la grandeza de M\u00e9xico no tiene fronteras. <br>Puntualiz\u00f3 que la comunidad mexicana migrante, que suma alrededor de 39 millones de personas, ha construido puentes de desarrollo entre su pa\u00eds de origen y su pa\u00eds de residencia. Tan solo, detall\u00f3, en 2024, a trav\u00e9s de las remesas, se alcanz\u00f3 una cifra hist\u00f3rica de m\u00e1s de 64 mil millones de d\u00f3lares, lo que representa el 2.6 por ciento del Producto Interno Bruto (PIB).<br> \u201cComo legisladoras y legisladores debemos reconocer su esfuerzo y apoyarlos. Es tiempo de fortalecer la protecci\u00f3n de sus derechos, garantizarles acceso a servicios, mejorar los consulados y facilitar su participaci\u00f3n en la vida pol\u00edtica y social de M\u00e9xico\u201d, enfatiz\u00f3. Por esta raz\u00f3n, la congresista exigi\u00f3 un proceso migratorio justo, digno, que respete las v\u00edas diplom\u00e1ticas, que garantice los principios internacionales y que no exponga a la comunidad migrante a condiciones infrahumanas. Puntualiz\u00f3 que est\u00e1s personas son uno de los grupos m\u00e1s marginados en todas las sociedades y se enfrentan a dificultades en el disfrute de sus derechos humanos. Por ello, asever\u00f3 que sus garant\u00edas deben ser visibilizadas por gobiernos, comunidades, empleadores y particulares, para hacerlas valer y protegerlos. La pol\u00edtica neoleonesa insisti\u00f3 tenemos la responsabilidad de defender a nuestros connacionales dentro y fuera del pa\u00eds, m\u00e1s all\u00e1 de las fronteras. \u201cDesde la Comisi\u00f3n de Asuntos Migratorios vamos a trabajar para garantizar leyes que fomenten pol\u00edticas p\u00fablicas a favor de los derechos humanos de las personas migrantes\u201d, afirm\u00f3. <br>En referencia a Estados Unidos, asegur\u00f3 que la migraci\u00f3n no deber\u00eda ser una barrera, sino una oportunidad para enriquecer el mundo con diversidad. <br>En el caso de los connacionales, apunt\u00f3 que las aportaciones gastron\u00f3micas, la m\u00fasica, literatura, y las tradiciones mexicanas son parte fundamental de la identidad local en ciudades como Los \u00c1ngeles, Chicago o Nueva York. <br>Por ello, destac\u00f3 que aprobar la inscripci\u00f3n de honor representa un homenaje a las personas mexicanas migrantes, quienes contribuyen a la divulgaci\u00f3n de la cultura mexicana, resaltan por sus aportaciones econ\u00f3micas, y por su compromiso y solidaridad con las generaciones presentes y futuras para que cuenten con mejores condiciones de vida<\/td><\/tr><\/tbody><\/table><\/figure>\n","protected":false},"excerpt":{"rendered":"<p>\u00a0 El Pleno de la C\u00e1mara de Diputados aprob\u00f3 por unanimidad, con 456 votos, el dictamen para inscribir con letras de oro en el Muro de Honor del sal\u00f3n de sesiones del recinto legislativo de San L\u00e1zaro, la frase \u201cA la Comunidad Mexicana Migrante\u201d, que impuls\u00f3 la diputada federal Marcela Guerra Castillo, Presidenta de la [&hellip;]<\/p>\n","protected":false},"author":1,"featured_media":131579,"comment_status":"open","ping_status":"open","sticky":true,"template":"","format":"standard","meta":{"footnotes":""},"categories":[14,2],"tags":[],"_links":{"self":[{"href":"https:\/\/diariodigitalmx.com\/index.php\/wp-json\/wp\/v2\/posts\/131577"}],"collection":[{"href":"https:\/\/diariodigitalmx.com\/index.php\/wp-json\/wp\/v2\/posts"}],"about":[{"href":"https:\/\/diariodigitalmx.com\/index.php\/wp-json\/wp\/v2\/types\/post"}],"author":[{"embeddable":true,"href":"https:\/\/diariodigitalmx.com\/index.php\/wp-json\/wp\/v2\/users\/1"}],"replies":[{"embeddable":true,"href":"https:\/\/diariodigitalmx.com\/index.php\/wp-json\/wp\/v2\/comments?post=131577"}],"version-history":[{"count":2,"href":"https:\/\/diariodigitalmx.com\/index.php\/wp-json\/wp\/v2\/posts\/131577\/revisions"}],"predecessor-version":[{"id":131580,"href":"https:\/\/diariodigitalmx.com\/index.php\/wp-json\/wp\/v2\/posts\/131577\/revisions\/131580"}],"wp:featuredmedia":[{"embeddable":true,"href":"https:\/\/diariodigitalmx.com\/index.php\/wp-json\/wp\/v2\/media\/131579"}],"wp:attachment":[{"href":"https:\/\/diariodigitalmx.com\/index.php\/wp-json\/wp\/v2\/media?parent=131577"}],"wp:term":[{"taxonomy":"category","embeddable":true,"href":"https:\/\/diariodigitalmx.com\/index.php\/wp-json\/wp\/v2\/categories?post=131577"},{"taxonomy":"post_tag","embeddable":true,"href":"https:\/\/diariodigitalmx.com\/index.php\/wp-json\/wp\/v2\/tags?post=131577"}],"curies":[{"name":"wp","href":"https:\/\/api.w.org\/{rel}","templated":true}]}}