{"id":131583,"date":"2025-02-25T22:41:05","date_gmt":"2025-02-26T04:41:05","guid":{"rendered":"https:\/\/diariodigitalmx.com\/?p=131583"},"modified":"2025-02-25T22:44:34","modified_gmt":"2025-02-26T04:44:34","slug":"alumno-mete-pistola-de-postas-a-escuela","status":"publish","type":"post","link":"https:\/\/diariodigitalmx.com\/index.php\/2025\/02\/25\/alumno-mete-pistola-de-postas-a-escuela\/","title":{"rendered":"Alumno mete pistola de postas a escuela"},"content":{"rendered":"\n<p><\/p>\n\n\n\n<p>Monterrey .&nbsp; &#8211; Un&nbsp;<strong>alumno de secundaria<\/strong>&nbsp;introdujo al plantel una pistola de postas, pero fue descubierto por sus maestros cuando mostraba el arma a sus compa\u00f1eros.<\/p>\n\n\n\n<p>Los hechos se registraron en una de las aulas de la&nbsp;<strong>Escuela Secundaria T\u00e9cnica 28<\/strong>, Constituci\u00f3n Mexicana, en la Colonia San Pedro 400 en las calles de Cobalto y Cobre, en el municipio&nbsp; de San Pedro Garza Garc\u00eda, al norte de la localidad.<\/p>\n\n\n\n<p>El alumno de 12 a\u00f1os del grupo de Primero E, mostraba el arma a sus compa\u00f1eros, una r\u00e9plica que sac\u00f3 de su mochila, pero fue sorprendido por un maestro que dio parte a las autoridades educativas, lo que origin\u00f3 una movilizaci\u00f3n de polic\u00edas municipales y estatales.<\/p>\n\n\n\n<p>Tras la revisi\u00f3n del arma los polic\u00edas ministeriales determinaron que se trat\u00f3 de una r\u00e9plica de postas, lo que informaron al director del plantel y autoridades educativas.<\/p>\n\n\n\n<p>El alumno fue entregado a sus padres y la pistola le fue retirada, qued\u00f3 a disposici\u00f3n de las autoridades de la escuela quienes determinar\u00e1n la sanci\u00f3n por haber incurrido en esa falta.<\/p>\n","protected":false},"excerpt":{"rendered":"<p>Monterrey .&nbsp; &#8211; Un&nbsp;alumno de secundaria&nbsp;introdujo al plantel una pistola de postas, pero fue descubierto por sus maestros cuando mostraba el arma a sus compa\u00f1eros. Los hechos se registraron en una de las aulas de la&nbsp;Escuela Secundaria T\u00e9cnica 28, Constituci\u00f3n Mexicana, en la Colonia San Pedro 400 en las calles de Cobalto y Cobre, en [&hellip;]<\/p>\n","protected":false},"author":1,"featured_media":131588,"comment_status":"open","ping_status":"open","sticky":true,"template":"","format":"standard","meta":{"footnotes":""},"categories":[6,3,5],"tags":[],"_links":{"self":[{"href":"https:\/\/diariodigitalmx.com\/index.php\/wp-json\/wp\/v2\/posts\/131583"}],"collection":[{"href":"https:\/\/diariodigitalmx.com\/index.php\/wp-json\/wp\/v2\/posts"}],"about":[{"href":"https:\/\/diariodigitalmx.com\/index.php\/wp-json\/wp\/v2\/types\/post"}],"author":[{"embeddable":true,"href":"https:\/\/diariodigitalmx.com\/index.php\/wp-json\/wp\/v2\/users\/1"}],"replies":[{"embeddable":true,"href":"https:\/\/diariodigitalmx.com\/index.php\/wp-json\/wp\/v2\/comments?post=131583"}],"version-history":[{"count":1,"href":"https:\/\/diariodigitalmx.com\/index.php\/wp-json\/wp\/v2\/posts\/131583\/revisions"}],"predecessor-version":[{"id":131584,"href":"https:\/\/diariodigitalmx.com\/index.php\/wp-json\/wp\/v2\/posts\/131583\/revisions\/131584"}],"wp:featuredmedia":[{"embeddable":true,"href":"https:\/\/diariodigitalmx.com\/index.php\/wp-json\/wp\/v2\/media\/131588"}],"wp:attachment":[{"href":"https:\/\/diariodigitalmx.com\/index.php\/wp-json\/wp\/v2\/media?parent=131583"}],"wp:term":[{"taxonomy":"category","embeddable":true,"href":"https:\/\/diariodigitalmx.com\/index.php\/wp-json\/wp\/v2\/categories?post=131583"},{"taxonomy":"post_tag","embeddable":true,"href":"https:\/\/diariodigitalmx.com\/index.php\/wp-json\/wp\/v2\/tags?post=131583"}],"curies":[{"name":"wp","href":"https:\/\/api.w.org\/{rel}","templated":true}]}}