{"id":131724,"date":"2025-02-27T22:46:43","date_gmt":"2025-02-28T04:46:43","guid":{"rendered":"https:\/\/diariodigitalmx.com\/?p=131724"},"modified":"2025-02-27T22:49:28","modified_gmt":"2025-02-28T04:49:28","slug":"refuerzan-lucha-contra-el-dengue-en-zona-conurbada","status":"publish","type":"post","link":"https:\/\/diariodigitalmx.com\/index.php\/2025\/02\/27\/refuerzan-lucha-contra-el-dengue-en-zona-conurbada\/","title":{"rendered":"Refuerzan lucha contra el dengue en zona conurbada"},"content":{"rendered":"\n<p>Ciudad Victoria, Tamaulipas.- El gobernador Am\u00e9rico Villarreal Anaya expres\u00f3 todo su respaldo a la Secretar\u00eda de Salud y reiter\u00f3 que no se escatimar\u00e1n recursos para la puesta en marcha en Tamaulipas del Plan Anual Contra el Dengue 2025, a fin de intensificar las tareas de prevenci\u00f3n y reducir la incidencia de esta enfermedad.<\/p>\n\n\n\n<p>Durante una reuni\u00f3n en la que el secretario de Salud, Vicente Joel Hern\u00e1ndez Navarro, present\u00f3 la &#8220;Estrategia de prevenci\u00f3n y control del dengue&#8221;, el mandatario tamaulipeco asegur\u00f3 que el Estado cuenta con los procedimientos y conocimientos para responder ante esta condici\u00f3n c\u00edclica.<\/p>\n\n\n\n<p>&#8220;En salud sabemos lo que tenemos que hacer y no se escatimar\u00e1n recursos&#8221;, expres\u00f3.<\/p>\n\n\n\n<figure class=\"wp-block-image size-large\"><img loading=\"lazy\" decoding=\"async\" width=\"1024\" height=\"683\" src=\"https:\/\/diariodigitalmx.com\/wp-content\/uploads\/2025\/02\/IMG-20250227-WA0218-1024x683.jpg\" alt=\"\" class=\"wp-image-131728\" srcset=\"https:\/\/diariodigitalmx.com\/wp-content\/uploads\/2025\/02\/IMG-20250227-WA0218-1024x683.jpg 1024w, https:\/\/diariodigitalmx.com\/wp-content\/uploads\/2025\/02\/IMG-20250227-WA0218-300x200.jpg 300w, https:\/\/diariodigitalmx.com\/wp-content\/uploads\/2025\/02\/IMG-20250227-WA0218-768x512.jpg 768w, https:\/\/diariodigitalmx.com\/wp-content\/uploads\/2025\/02\/IMG-20250227-WA0218-1536x1024.jpg 1536w, https:\/\/diariodigitalmx.com\/wp-content\/uploads\/2025\/02\/IMG-20250227-WA0218.jpg 1600w\" sizes=\"(max-width: 1024px) 100vw, 1024px\" \/><\/figure>\n\n\n\n<p>Villarreal Anaya destac\u00f3 la importancia de contar en este tipo de acciones con una sociedad participativa y colaborativa, adem\u00e1s de incorporar la participaci\u00f3n integral de los gobiernos municipales, ya que la suma de esfuerzos es fundamental para evitar la propagaci\u00f3n del dengue.<\/p>\n\n\n\n<p>Durante la reuni\u00f3n de trabajo, el secretario de Salud expuso la situaci\u00f3n actual del dengue en Tamaulipas y las acciones que se han venido implementando para poder atender y evitar que se incremente la propagaci\u00f3n de la enfermedad.<\/p>\n\n\n\n<p>Hern\u00e1ndez Navarro explic\u00f3 que en las \u00e1reas &#8220;rojas&#8221;, consideradas en la zona sur del estado, se lleva un 35 por ciento de avance en las tareas de abatizaci\u00f3n, a fin de impedir que se disperse el mosquito transmisor, adem\u00e1s de que ya se realiz\u00f3 la primera de cinco rondas de fumigaci\u00f3n que se realizar\u00e1n en esa regi\u00f3n.<\/p>\n\n\n\n<p>Asimismo, se presentaron las recomendaciones por parte del Centro Nacional de Programas Preventivos y Control de Enfermedades (CENAPRECE), entre otras: Delimitar las \u00e1reas de riesgo, de acuerdo con los casos probables de las \u00faltimas cinco semanas para el control larvario y la nebulizaci\u00f3n con maquinaria pesada.<\/p>\n\n\n\n<p>Actualizar equipos y generar la georreferenciaci\u00f3n de casos en las plataformas de vectores; realizar un estudio epidemiol\u00f3gico en las \u00e1reas de mayor concentraci\u00f3n poblacional; continuar con las campa\u00f1as de eliminaci\u00f3n de criaderos; aplicar c\u00e9dulas de supervisi\u00f3n e implementar brigadas fijas en \u00e1reas de transmisi\u00f3n del dengue.<\/p>\n\n\n\n<p>En esta reuni\u00f3n tambi\u00e9n participaron: Rembrandt Reyes N\u00e1jera, subsecretario de Promoci\u00f3n de la Salud; Ra\u00fal Huidobro Guevara, coordinador Estatal de Salud P\u00fablica; Sergio Uriegas Camargo, director de Epidemiolog\u00eda y Mario Rebolledo, titular de la Comisi\u00f3n Estatal Para la Protecci\u00f3n Contra Riesgos Sanitarios (COEPRIS).<\/p>\n","protected":false},"excerpt":{"rendered":"<p>Ciudad Victoria, Tamaulipas.- El gobernador Am\u00e9rico Villarreal Anaya expres\u00f3 todo su respaldo a la Secretar\u00eda de Salud y reiter\u00f3 que no se escatimar\u00e1n recursos para la puesta en marcha en Tamaulipas del Plan Anual Contra el Dengue 2025, a fin de intensificar las tareas de prevenci\u00f3n y reducir la incidencia de esta enfermedad. Durante una [&hellip;]<\/p>\n","protected":false},"author":1,"featured_media":131727,"comment_status":"open","ping_status":"open","sticky":true,"template":"","format":"standard","meta":{"footnotes":""},"categories":[14,19],"tags":[],"_links":{"self":[{"href":"https:\/\/diariodigitalmx.com\/index.php\/wp-json\/wp\/v2\/posts\/131724"}],"collection":[{"href":"https:\/\/diariodigitalmx.com\/index.php\/wp-json\/wp\/v2\/posts"}],"about":[{"href":"https:\/\/diariodigitalmx.com\/index.php\/wp-json\/wp\/v2\/types\/post"}],"author":[{"embeddable":true,"href":"https:\/\/diariodigitalmx.com\/index.php\/wp-json\/wp\/v2\/users\/1"}],"replies":[{"embeddable":true,"href":"https:\/\/diariodigitalmx.com\/index.php\/wp-json\/wp\/v2\/comments?post=131724"}],"version-history":[{"count":2,"href":"https:\/\/diariodigitalmx.com\/index.php\/wp-json\/wp\/v2\/posts\/131724\/revisions"}],"predecessor-version":[{"id":131729,"href":"https:\/\/diariodigitalmx.com\/index.php\/wp-json\/wp\/v2\/posts\/131724\/revisions\/131729"}],"wp:featuredmedia":[{"embeddable":true,"href":"https:\/\/diariodigitalmx.com\/index.php\/wp-json\/wp\/v2\/media\/131727"}],"wp:attachment":[{"href":"https:\/\/diariodigitalmx.com\/index.php\/wp-json\/wp\/v2\/media?parent=131724"}],"wp:term":[{"taxonomy":"category","embeddable":true,"href":"https:\/\/diariodigitalmx.com\/index.php\/wp-json\/wp\/v2\/categories?post=131724"},{"taxonomy":"post_tag","embeddable":true,"href":"https:\/\/diariodigitalmx.com\/index.php\/wp-json\/wp\/v2\/tags?post=131724"}],"curies":[{"name":"wp","href":"https:\/\/api.w.org\/{rel}","templated":true}]}}