{"id":131774,"date":"2025-03-01T15:14:05","date_gmt":"2025-03-01T21:14:05","guid":{"rendered":"https:\/\/diariodigitalmx.com\/?p=131774"},"modified":"2025-03-01T15:17:07","modified_gmt":"2025-03-01T21:17:07","slug":"atala-una-opera-que-vuelve-a-estremecer-con-su-historia-de-amor-y-tragedia","status":"publish","type":"post","link":"https:\/\/diariodigitalmx.com\/index.php\/2025\/03\/01\/atala-una-opera-que-vuelve-a-estremecer-con-su-historia-de-amor-y-tragedia\/","title":{"rendered":"\u201cAtala\u201d, una \u00f3pera que vuelve a estremecer con su historia de amor y tragedia\u00a0"},"content":{"rendered":"\n<p>&nbsp;Monterrey.- La puesta en escena, dirigida por Rennier Pi\u00f1ero, vuelve a los escenarios tras 162 a\u00f1os para deslumbrar y apasionar<\/p>\n\n\n\n<p>Un montaje apasionante salpicado de amor y tragedia es lo que present\u00f3 la \u00f3pera \u201cAtala\u201d que regres\u00f3 a los escenarios tras 162 a\u00f1os, gracias a la colaboraci\u00f3n entre M\u00e9xico: \u00d3pera Studio y \u00d3pera Nuestra Herencia Olvidada.<\/p>\n\n\n\n<p>Dirigida por Rennier Pi\u00f1ero y original del mexicano Miguel Meneses, la puesta en escena se present\u00f3 en el Auditorio Carlos Prieto, dentro del Parque Fundidora a d\u00f3nde acudi\u00f3 un p\u00fablico que se estremeci\u00f3 con las interpretaciones y la maestr\u00eda de Alejandro Miyaki, director musical y Edgar Vera, quienes ejecutaron las piezas a dos pianos, una t\u00e9cnica extremadamente complicada.<\/p>\n\n\n\n<figure class=\"wp-block-image size-large\"><img loading=\"lazy\" decoding=\"async\" width=\"828\" height=\"1024\" src=\"https:\/\/diariodigitalmx.com\/wp-content\/uploads\/2025\/03\/IMG-20250301-WA0095-828x1024.jpg\" alt=\"\" class=\"wp-image-131778\" srcset=\"https:\/\/diariodigitalmx.com\/wp-content\/uploads\/2025\/03\/IMG-20250301-WA0095-828x1024.jpg 828w, https:\/\/diariodigitalmx.com\/wp-content\/uploads\/2025\/03\/IMG-20250301-WA0095-243x300.jpg 243w, https:\/\/diariodigitalmx.com\/wp-content\/uploads\/2025\/03\/IMG-20250301-WA0095-768x950.jpg 768w, https:\/\/diariodigitalmx.com\/wp-content\/uploads\/2025\/03\/IMG-20250301-WA0095-1242x1536.jpg 1242w, https:\/\/diariodigitalmx.com\/wp-content\/uploads\/2025\/03\/IMG-20250301-WA0095-1656x2048.jpg 1656w\" sizes=\"(max-width: 828px) 100vw, 828px\" \/><\/figure>\n\n\n\n<p>De acuerdo a Miyaki, \u201cAtala\u201d se acerca al bel canto y a \u201cLa Traviata\u201d. Est\u00e1 interpretada en italiano, idioma muy de moda en la \u00f3pera a finales del Siglo 19.<\/p>\n\n\n\n<p>Dividida en tres actos, sin intermedio, \u201cAtala\u201d cuenta una historia de amor prohibida entre la protagonista y Chactas, quienes pertenecen a diferentes tribus de Lousiana en el Siglo 18.<\/p>\n\n\n\n<p>Chactas pertenece a los natchez y Atala es una india cristiana. Pero desde el primer instante se sabe que este es un romance que no fructificar\u00e1.<\/p>\n\n\n\n<figure class=\"wp-block-gallery has-nested-images columns-default is-cropped wp-block-gallery-1 is-layout-flex wp-block-gallery-is-layout-flex\">\n<figure class=\"wp-block-image size-large\"><img loading=\"lazy\" decoding=\"async\" width=\"1024\" height=\"946\" data-id=\"131781\" src=\"https:\/\/diariodigitalmx.com\/wp-content\/uploads\/2025\/03\/IMG-20250301-WA0098-1024x946.jpg\" alt=\"\" class=\"wp-image-131781\" srcset=\"https:\/\/diariodigitalmx.com\/wp-content\/uploads\/2025\/03\/IMG-20250301-WA0098-1024x946.jpg 1024w, https:\/\/diariodigitalmx.com\/wp-content\/uploads\/2025\/03\/IMG-20250301-WA0098-300x277.jpg 300w, https:\/\/diariodigitalmx.com\/wp-content\/uploads\/2025\/03\/IMG-20250301-WA0098-768x710.jpg 768w, https:\/\/diariodigitalmx.com\/wp-content\/uploads\/2025\/03\/IMG-20250301-WA0098-1536x1420.jpg 1536w, https:\/\/diariodigitalmx.com\/wp-content\/uploads\/2025\/03\/IMG-20250301-WA0098-2048x1893.jpg 2048w\" sizes=\"(max-width: 1024px) 100vw, 1024px\" \/><\/figure>\n\n\n\n<figure class=\"wp-block-image size-large\"><img loading=\"lazy\" decoding=\"async\" width=\"1003\" height=\"1024\" data-id=\"131780\" src=\"https:\/\/diariodigitalmx.com\/wp-content\/uploads\/2025\/03\/IMG-20250301-WA0097-1003x1024.jpg\" alt=\"\" class=\"wp-image-131780\" srcset=\"https:\/\/diariodigitalmx.com\/wp-content\/uploads\/2025\/03\/IMG-20250301-WA0097-1003x1024.jpg 1003w, https:\/\/diariodigitalmx.com\/wp-content\/uploads\/2025\/03\/IMG-20250301-WA0097-294x300.jpg 294w, https:\/\/diariodigitalmx.com\/wp-content\/uploads\/2025\/03\/IMG-20250301-WA0097-768x784.jpg 768w, https:\/\/diariodigitalmx.com\/wp-content\/uploads\/2025\/03\/IMG-20250301-WA0097-1505x1536.jpg 1505w, https:\/\/diariodigitalmx.com\/wp-content\/uploads\/2025\/03\/IMG-20250301-WA0097-2006x2048.jpg 2006w\" sizes=\"(max-width: 1003px) 100vw, 1003px\" \/><\/figure>\n<\/figure>\n\n\n\n<p>La madre de Atala prometi\u00f3 a la virgen que si su hija lograba sobrevivir nunca se casar\u00eda.<\/p>\n\n\n\n<p>A pesar de que ella sab\u00eda su destino funesto, hace todo lo que est\u00e1 de su parte, desafiando a su propio padre para salvar la vida de Chactas quien ser\u00eda juzgado y condenado.<\/p>\n\n\n\n<p>La soprano Ana Rosal\u00eda Ramos, quien da vida a Atala es una extraordinaria int\u00e9rprete. Capaz de alcanzar notas sorprendentes, es una diva en plenitud.<\/p>\n\n\n\n<p>La parte m\u00e1s demandante de su participaci\u00f3n es cerca del final de la historia cuando a trav\u00e9s de su voz logra compartir la angustia y el dolor de no lograr el amor.<\/p>\n\n\n\n<p>Su contraparte, Eduardo Villalba Arreola, como Chactas, hace gala de poderosas cuerdas vocales.<\/p>\n\n\n\n<p>Aunque al principio, quiz\u00e1 por la naturaleza de su personaje, no sonaba tan vibrante, conforme transcurri\u00f3 la historia comenz\u00f3 a demostrar una pasi\u00f3n desmesurada con tal de lograr estar cerca de su amada.<\/p>\n\n\n\n<p>El coro est\u00e1 confirmado por la V Generaci\u00f3n del M\u00e9xico \u00d3pera Studio que cumplen perfectamente con su asignaci\u00f3n.<\/p>\n\n\n\n<p>Pi\u00f1ero, quien ya tiene una bien ganada reputaci\u00f3n internacional, vuelve a demostrar oficio y nivel como director.<\/p>\n\n\n\n<p>La obra de Meneses, que estuvo perdida durante mucho tiempo, se recuper\u00f3 por un trabajo de investigaci\u00f3n hist\u00f3rica y a la edici\u00f3n contempor\u00e1nea de la partitura realizada junto con el bar\u00edtono Carlos Reynoso.<\/p>\n\n\n\n<p>\u201cAtala\u201d se presentar\u00e1 este s\u00e1bado 1 de marzo, por \u00faltima ocasi\u00f3n en el Auditorio Carlos Prieto, a las 20:00 horas.<\/p>\n","protected":false},"excerpt":{"rendered":"<p>&nbsp;Monterrey.- La puesta en escena, dirigida por Rennier Pi\u00f1ero, vuelve a los escenarios tras 162 a\u00f1os para deslumbrar y apasionar Un montaje apasionante salpicado de amor y tragedia es lo que present\u00f3 la \u00f3pera \u201cAtala\u201d que regres\u00f3 a los escenarios tras 162 a\u00f1os, gracias a la colaboraci\u00f3n entre M\u00e9xico: \u00d3pera Studio y \u00d3pera Nuestra Herencia [&hellip;]<\/p>\n","protected":false},"author":1,"featured_media":131777,"comment_status":"open","ping_status":"open","sticky":true,"template":"","format":"standard","meta":{"footnotes":""},"categories":[11,14],"tags":[],"_links":{"self":[{"href":"https:\/\/diariodigitalmx.com\/index.php\/wp-json\/wp\/v2\/posts\/131774"}],"collection":[{"href":"https:\/\/diariodigitalmx.com\/index.php\/wp-json\/wp\/v2\/posts"}],"about":[{"href":"https:\/\/diariodigitalmx.com\/index.php\/wp-json\/wp\/v2\/types\/post"}],"author":[{"embeddable":true,"href":"https:\/\/diariodigitalmx.com\/index.php\/wp-json\/wp\/v2\/users\/1"}],"replies":[{"embeddable":true,"href":"https:\/\/diariodigitalmx.com\/index.php\/wp-json\/wp\/v2\/comments?post=131774"}],"version-history":[{"count":2,"href":"https:\/\/diariodigitalmx.com\/index.php\/wp-json\/wp\/v2\/posts\/131774\/revisions"}],"predecessor-version":[{"id":131782,"href":"https:\/\/diariodigitalmx.com\/index.php\/wp-json\/wp\/v2\/posts\/131774\/revisions\/131782"}],"wp:featuredmedia":[{"embeddable":true,"href":"https:\/\/diariodigitalmx.com\/index.php\/wp-json\/wp\/v2\/media\/131777"}],"wp:attachment":[{"href":"https:\/\/diariodigitalmx.com\/index.php\/wp-json\/wp\/v2\/media?parent=131774"}],"wp:term":[{"taxonomy":"category","embeddable":true,"href":"https:\/\/diariodigitalmx.com\/index.php\/wp-json\/wp\/v2\/categories?post=131774"},{"taxonomy":"post_tag","embeddable":true,"href":"https:\/\/diariodigitalmx.com\/index.php\/wp-json\/wp\/v2\/tags?post=131774"}],"curies":[{"name":"wp","href":"https:\/\/api.w.org\/{rel}","templated":true}]}}