{"id":131785,"date":"2025-03-01T15:21:49","date_gmt":"2025-03-01T21:21:49","guid":{"rendered":"https:\/\/diariodigitalmx.com\/?p=131785"},"modified":"2025-03-01T15:48:00","modified_gmt":"2025-03-01T21:48:00","slug":"localizan-a-nino-en-el-metro-cuauhtemoc","status":"publish","type":"post","link":"https:\/\/diariodigitalmx.com\/index.php\/2025\/03\/01\/localizan-a-nino-en-el-metro-cuauhtemoc\/","title":{"rendered":"Localizan a ni\u00f1o en el Metro Cuauht\u00e9moc"},"content":{"rendered":"\n<p>Un menor de 12 a\u00f1os de edad que se sali\u00f3 de su casa para ir a buscar a su hermana y ya no supo c\u00f3mo regresar, fue localizado por oficiales de la Polic\u00eda de Monterrey, en la estaci\u00f3n del Metro Cuauht\u00e9moc.<\/p>\n\n\n\n<p>Los hechos se registraron a las 13:30 horas, en Alfonso Reyes y Col\u00f3n, donde se encuentra la estaci\u00f3n del metro.<\/p>\n\n\n\n<p>Elementos de la Polic\u00eda de Monterrey realizaban un recorrido de prevenci\u00f3n cuando personal de dicho sistema de transporte report\u00f3 que un ni\u00f1o viajaba solo en un vag\u00f3n y se hab\u00eda bajado en esa estaci\u00f3n, pero ya no sab\u00eda a donde dirigirse.<\/p>\n\n\n\n<figure class=\"wp-block-image size-full\"><img loading=\"lazy\" decoding=\"async\" width=\"779\" height=\"752\" src=\"https:\/\/diariodigitalmx.com\/wp-content\/uploads\/2025\/03\/IMG-20250301-WA0048.jpg\" alt=\"\" class=\"wp-image-131818\" srcset=\"https:\/\/diariodigitalmx.com\/wp-content\/uploads\/2025\/03\/IMG-20250301-WA0048.jpg 779w, https:\/\/diariodigitalmx.com\/wp-content\/uploads\/2025\/03\/IMG-20250301-WA0048-300x290.jpg 300w, https:\/\/diariodigitalmx.com\/wp-content\/uploads\/2025\/03\/IMG-20250301-WA0048-768x741.jpg 768w\" sizes=\"(max-width: 779px) 100vw, 779px\" \/><\/figure>\n\n\n\n<p>Al llegar los polic\u00edas al lugar,&nbsp; empezaron a cuestionar al adolescente, quien dijo que iba a la casa de su hermana en la colonia San Bernab\u00e9, y all\u00e1 lo esperaba ella.&nbsp;<\/p>\n\n\n\n<p>A\u00f1adi\u00f3 que \u00e9l vive con su mam\u00e1 en la colonia Bosques del Nogalar y que decidi\u00f3 tomar el metro en la estaci\u00f3n del Hospital Metropolitano, pero ya no supo c\u00f3mo dirigirse con su hermana al norponiente de la ciudad.<\/p>\n\n\n\n<p>Ante esta situaci\u00f3n intervino personal de la Unidad de Atenci\u00f3n a V\u00edctimas de Violencia Familiar y de G\u00e9nero de esta corporaci\u00f3n, para brindar apoyo al menor de edad.<\/p>\n\n\n\n<p>Minutos m\u00e1s tarde se localiz\u00f3 a la madre de familia, quien lleg\u00f3 a las instalaciones de la Polic\u00eda de Monterrey para realizar la entrega de su hijo,&nbsp; identificado como Jes\u00fas Emmanuel.<\/p>\n","protected":false},"excerpt":{"rendered":"<p>Un menor de 12 a\u00f1os de edad que se sali\u00f3 de su casa para ir a buscar a su hermana y ya no supo c\u00f3mo regresar, fue localizado por oficiales de la Polic\u00eda de Monterrey, en la estaci\u00f3n del Metro Cuauht\u00e9moc. Los hechos se registraron a las 13:30 horas, en Alfonso Reyes y Col\u00f3n, donde [&hellip;]<\/p>\n","protected":false},"author":1,"featured_media":131816,"comment_status":"open","ping_status":"open","sticky":true,"template":"","format":"standard","meta":{"footnotes":""},"categories":[14,7],"tags":[],"_links":{"self":[{"href":"https:\/\/diariodigitalmx.com\/index.php\/wp-json\/wp\/v2\/posts\/131785"}],"collection":[{"href":"https:\/\/diariodigitalmx.com\/index.php\/wp-json\/wp\/v2\/posts"}],"about":[{"href":"https:\/\/diariodigitalmx.com\/index.php\/wp-json\/wp\/v2\/types\/post"}],"author":[{"embeddable":true,"href":"https:\/\/diariodigitalmx.com\/index.php\/wp-json\/wp\/v2\/users\/1"}],"replies":[{"embeddable":true,"href":"https:\/\/diariodigitalmx.com\/index.php\/wp-json\/wp\/v2\/comments?post=131785"}],"version-history":[{"count":2,"href":"https:\/\/diariodigitalmx.com\/index.php\/wp-json\/wp\/v2\/posts\/131785\/revisions"}],"predecessor-version":[{"id":131819,"href":"https:\/\/diariodigitalmx.com\/index.php\/wp-json\/wp\/v2\/posts\/131785\/revisions\/131819"}],"wp:featuredmedia":[{"embeddable":true,"href":"https:\/\/diariodigitalmx.com\/index.php\/wp-json\/wp\/v2\/media\/131816"}],"wp:attachment":[{"href":"https:\/\/diariodigitalmx.com\/index.php\/wp-json\/wp\/v2\/media?parent=131785"}],"wp:term":[{"taxonomy":"category","embeddable":true,"href":"https:\/\/diariodigitalmx.com\/index.php\/wp-json\/wp\/v2\/categories?post=131785"},{"taxonomy":"post_tag","embeddable":true,"href":"https:\/\/diariodigitalmx.com\/index.php\/wp-json\/wp\/v2\/tags?post=131785"}],"curies":[{"name":"wp","href":"https:\/\/api.w.org\/{rel}","templated":true}]}}