{"id":132020,"date":"2025-03-06T13:31:43","date_gmt":"2025-03-06T19:31:43","guid":{"rendered":"https:\/\/diariodigitalmx.com\/?p=132020"},"modified":"2025-03-06T13:38:10","modified_gmt":"2025-03-06T19:38:10","slug":"inauguran-primera-casa-de-gestion-de-morena-en-nuevo-leon","status":"publish","type":"post","link":"https:\/\/diariodigitalmx.com\/index.php\/2025\/03\/06\/inauguran-primera-casa-de-gestion-de-morena-en-nuevo-leon\/","title":{"rendered":"Inauguran primera Casa de Gesti\u00f3n de Morena en Nuevo Le\u00f3n"},"content":{"rendered":"\n<p>Para estar m\u00e1s cerca de la gente y conocer de primera mano sus necesidades, se inaugur\u00f3 la primera Casa de Gesti\u00f3n de Morena en Nuevo Le\u00f3n.<\/p>\n\n\n\n<p>Fue el Coordinador de los regidores morenistas en el Ayuntamiento de Monterrey, Gibran Ornelas quien cort\u00f3 el list\u00f3n inaugural en compa\u00f1\u00eda de decenas de simpatizantes.<\/p>\n\n\n\n<figure class=\"wp-block-image size-full\"><img loading=\"lazy\" decoding=\"async\" width=\"720\" height=\"524\" src=\"https:\/\/diariodigitalmx.com\/wp-content\/uploads\/2025\/03\/Screenshot_20250306_133530_Facebook.jpg\" alt=\"\" class=\"wp-image-132025\" srcset=\"https:\/\/diariodigitalmx.com\/wp-content\/uploads\/2025\/03\/Screenshot_20250306_133530_Facebook.jpg 720w, https:\/\/diariodigitalmx.com\/wp-content\/uploads\/2025\/03\/Screenshot_20250306_133530_Facebook-300x218.jpg 300w\" sizes=\"(max-width: 720px) 100vw, 720px\" \/><\/figure>\n\n\n\n<p>Dicha casa est\u00e1 ubicada en la Avenida Solidaridad 8528 en la colonia Loma Linda en el norponiente de Monterrey, uno de los sectores m\u00e1s populosos de la Ciudad,<\/p>\n\n\n\n<p>Al respecto Gibran Ornelas inform\u00f3 que los ciudadanos podr\u00e1n acudir a la Casa de Gesti\u00f3n para exponer sus problemas y necesidades, y de esa forma buscar una soluci\u00f3n o canalizarlos a una dependencia correspondiente.<\/p>\n\n\n\n<figure class=\"wp-block-image size-full\"><img loading=\"lazy\" decoding=\"async\" width=\"720\" height=\"711\" src=\"https:\/\/diariodigitalmx.com\/wp-content\/uploads\/2025\/03\/FB_IMG_1741289640447.jpg\" alt=\"\" class=\"wp-image-132027\" srcset=\"https:\/\/diariodigitalmx.com\/wp-content\/uploads\/2025\/03\/FB_IMG_1741289640447.jpg 720w, https:\/\/diariodigitalmx.com\/wp-content\/uploads\/2025\/03\/FB_IMG_1741289640447-300x296.jpg 300w\" sizes=\"(max-width: 720px) 100vw, 720px\" \/><\/figure>\n\n\n\n<p>\u201cEsta Casa de Gesti\u00f3n, la primera en la entidad de un militante de Morena, ser\u00e1 un punto de encuentro para canalizar inquietudes, brindar apoyo y fortalecer la cercan\u00eda con la comunidad, como es la instrucci\u00f3n que tenemos de nuestra Presidenta Claudia Sheinbaum\u201d, afirm\u00f3.<\/p>\n\n\n\n<figure class=\"wp-block-image size-large\"><img loading=\"lazy\" decoding=\"async\" width=\"1024\" height=\"576\" src=\"https:\/\/diariodigitalmx.com\/wp-content\/uploads\/2025\/03\/IMG-20250304-WA0105-1024x576.jpg\" alt=\"\" class=\"wp-image-132029\" srcset=\"https:\/\/diariodigitalmx.com\/wp-content\/uploads\/2025\/03\/IMG-20250304-WA0105-1024x576.jpg 1024w, https:\/\/diariodigitalmx.com\/wp-content\/uploads\/2025\/03\/IMG-20250304-WA0105-300x169.jpg 300w, https:\/\/diariodigitalmx.com\/wp-content\/uploads\/2025\/03\/IMG-20250304-WA0105-768x432.jpg 768w, https:\/\/diariodigitalmx.com\/wp-content\/uploads\/2025\/03\/IMG-20250304-WA0105.jpg 1280w\" sizes=\"(max-width: 1024px) 100vw, 1024px\" \/><\/figure>\n\n\n\n<p>El edil regio dijo que ya no se justifica tener funcionarios p\u00fablicos de escritorio, sino que se debe salir a la calle para conocer de primera mano sus necesidades y ayudarles a encontrar una soluci\u00f3n.<\/p>\n\n\n\n<p>Al evento tambi\u00e9n acudieron militantes de Morena como Roberto Espinoza, Coordinador de Territorio del partido; Viry Tovar, regidora morenista en Monterrey; Marco Gayt\u00e1n, Coordinador de J\u00f3venes de Morena en la entidad; Alan Segovia, Secretario del Ayuntamiento del municipio de Zuazua, entre otros.<\/p>\n","protected":false},"excerpt":{"rendered":"<p>Para estar m\u00e1s cerca de la gente y conocer de primera mano sus necesidades, se inaugur\u00f3 la primera Casa de Gesti\u00f3n de Morena en Nuevo Le\u00f3n. Fue el Coordinador de los regidores morenistas en el Ayuntamiento de Monterrey, Gibran Ornelas quien cort\u00f3 el list\u00f3n inaugural en compa\u00f1\u00eda de decenas de simpatizantes. Dicha casa est\u00e1 ubicada [&hellip;]<\/p>\n","protected":false},"author":1,"featured_media":132024,"comment_status":"open","ping_status":"open","sticky":true,"template":"","format":"standard","meta":{"footnotes":""},"categories":[14,6],"tags":[],"_links":{"self":[{"href":"https:\/\/diariodigitalmx.com\/index.php\/wp-json\/wp\/v2\/posts\/132020"}],"collection":[{"href":"https:\/\/diariodigitalmx.com\/index.php\/wp-json\/wp\/v2\/posts"}],"about":[{"href":"https:\/\/diariodigitalmx.com\/index.php\/wp-json\/wp\/v2\/types\/post"}],"author":[{"embeddable":true,"href":"https:\/\/diariodigitalmx.com\/index.php\/wp-json\/wp\/v2\/users\/1"}],"replies":[{"embeddable":true,"href":"https:\/\/diariodigitalmx.com\/index.php\/wp-json\/wp\/v2\/comments?post=132020"}],"version-history":[{"count":3,"href":"https:\/\/diariodigitalmx.com\/index.php\/wp-json\/wp\/v2\/posts\/132020\/revisions"}],"predecessor-version":[{"id":132030,"href":"https:\/\/diariodigitalmx.com\/index.php\/wp-json\/wp\/v2\/posts\/132020\/revisions\/132030"}],"wp:featuredmedia":[{"embeddable":true,"href":"https:\/\/diariodigitalmx.com\/index.php\/wp-json\/wp\/v2\/media\/132024"}],"wp:attachment":[{"href":"https:\/\/diariodigitalmx.com\/index.php\/wp-json\/wp\/v2\/media?parent=132020"}],"wp:term":[{"taxonomy":"category","embeddable":true,"href":"https:\/\/diariodigitalmx.com\/index.php\/wp-json\/wp\/v2\/categories?post=132020"},{"taxonomy":"post_tag","embeddable":true,"href":"https:\/\/diariodigitalmx.com\/index.php\/wp-json\/wp\/v2\/tags?post=132020"}],"curies":[{"name":"wp","href":"https:\/\/api.w.org\/{rel}","templated":true}]}}