{"id":132031,"date":"2025-03-07T08:46:53","date_gmt":"2025-03-07T14:46:53","guid":{"rendered":"https:\/\/diariodigitalmx.com\/?p=132031"},"modified":"2025-03-07T08:47:34","modified_gmt":"2025-03-07T14:47:34","slug":"la-lucha-de-las-mujeres-felicidades-a-todas","status":"publish","type":"post","link":"https:\/\/diariodigitalmx.com\/index.php\/2025\/03\/07\/la-lucha-de-las-mujeres-felicidades-a-todas\/","title":{"rendered":"La lucha de las mujeres; felicidades a todas"},"content":{"rendered":"\n<p>Luz Mar\u00eda Ortiz Quintos<\/p>\n\n\n\n<p>D\u00eda internacional de la Mujer ma\u00f1ana 08 de marzo, conmemoramos este d\u00eda, gracias a los logros alcanzados por un grupo de Mujeres, que lucharon por mejorar condiciones de trabajo, y mejores sueldos.&nbsp; Y que con el tiempo tambi\u00e9n se ha alcanzado una mayor participaci\u00f3n de las Mujeres en temas de pol\u00edtica, liderazgos sociales,&nbsp; etc.<\/p>\n\n\n\n<p>Sin embargo, considero que existe un grupo grande de mujeres, que siguen rezagadas, las Mujeres amas de casa, que est\u00e1n dedicadas a cuidar, proteger, educar a sus hijos, a su familia.<\/p>\n\n\n\n<p>Ojal\u00e1 podamos ver en un corto plazo, pol\u00edticas p\u00fablicas en favor de estas Mujeres, que se establezcan incentivos por esta labor.<\/p>\n\n\n\n<p>Mujeres que se quedan en el hogar, trabajando los 7 d\u00edas de la semana, las 24 horas, sin descanso, ni vacaciones, ni remuneraci\u00f3n.<\/p>\n\n\n\n<p>Felicidades a todas las Mujeres, que han salido adelante, que han superado dificultades en muchos aspectos, que se mantienen con \u00e1nimo, con entusiasmo, Mujeres de fe, Mujeres de esperanza que viven d\u00eda a d\u00eda, dando amor a los dem\u00e1s.<\/p>\n\n\n\n<p>Mujeres que est\u00e1n construyendo hogares arm\u00f3nicos, unidos con amor y respeto.<\/p>\n\n\n\n<p>Mujeres que combinan sus empleos, profesiones, oficios, y su familia, haciendo un doble esfuerzo.<\/p>\n\n\n\n<p>Mujeres que han destacado en el \u00e1mbito de la medicina, el deporte, la cultura, la tecnolog\u00eda, Mujeres que inspiran, a otras Mujeres y las motivan a salir adelante, reconociendo su talento, su inteligencia y su capacidad.<\/p>\n\n\n\n<p>\u00a1Mujer feliz d\u00eda!, por lo que eres, por lo que haces, por lo que logras y hasta por lo que renuncias.<\/p>\n\n\n\n<p><\/p>\n","protected":false},"excerpt":{"rendered":"<p>Luz Mar\u00eda Ortiz Quintos D\u00eda internacional de la Mujer ma\u00f1ana 08 de marzo, conmemoramos este d\u00eda, gracias a los logros alcanzados por un grupo de Mujeres, que lucharon por mejorar condiciones de trabajo, y mejores sueldos.&nbsp; Y que con el tiempo tambi\u00e9n se ha alcanzado una mayor participaci\u00f3n de las Mujeres en temas de pol\u00edtica, [&hellip;]<\/p>\n","protected":false},"author":1,"featured_media":131692,"comment_status":"open","ping_status":"open","sticky":true,"template":"","format":"standard","meta":{"footnotes":""},"categories":[14,12],"tags":[],"_links":{"self":[{"href":"https:\/\/diariodigitalmx.com\/index.php\/wp-json\/wp\/v2\/posts\/132031"}],"collection":[{"href":"https:\/\/diariodigitalmx.com\/index.php\/wp-json\/wp\/v2\/posts"}],"about":[{"href":"https:\/\/diariodigitalmx.com\/index.php\/wp-json\/wp\/v2\/types\/post"}],"author":[{"embeddable":true,"href":"https:\/\/diariodigitalmx.com\/index.php\/wp-json\/wp\/v2\/users\/1"}],"replies":[{"embeddable":true,"href":"https:\/\/diariodigitalmx.com\/index.php\/wp-json\/wp\/v2\/comments?post=132031"}],"version-history":[{"count":1,"href":"https:\/\/diariodigitalmx.com\/index.php\/wp-json\/wp\/v2\/posts\/132031\/revisions"}],"predecessor-version":[{"id":132032,"href":"https:\/\/diariodigitalmx.com\/index.php\/wp-json\/wp\/v2\/posts\/132031\/revisions\/132032"}],"wp:featuredmedia":[{"embeddable":true,"href":"https:\/\/diariodigitalmx.com\/index.php\/wp-json\/wp\/v2\/media\/131692"}],"wp:attachment":[{"href":"https:\/\/diariodigitalmx.com\/index.php\/wp-json\/wp\/v2\/media?parent=132031"}],"wp:term":[{"taxonomy":"category","embeddable":true,"href":"https:\/\/diariodigitalmx.com\/index.php\/wp-json\/wp\/v2\/categories?post=132031"},{"taxonomy":"post_tag","embeddable":true,"href":"https:\/\/diariodigitalmx.com\/index.php\/wp-json\/wp\/v2\/tags?post=132031"}],"curies":[{"name":"wp","href":"https:\/\/api.w.org\/{rel}","templated":true}]}}