{"id":132059,"date":"2025-03-07T14:45:15","date_gmt":"2025-03-07T20:45:15","guid":{"rendered":"https:\/\/diariodigitalmx.com\/?p=132059"},"modified":"2025-03-07T14:52:41","modified_gmt":"2025-03-07T20:52:41","slug":"ahora-va-ex-big-brother-pato-zambrano-a-mc","status":"publish","type":"post","link":"https:\/\/diariodigitalmx.com\/index.php\/2025\/03\/07\/ahora-va-ex-big-brother-pato-zambrano-a-mc\/","title":{"rendered":"Ahora va ex Big Brother \u201cPato\u201d Zambrano a MC"},"content":{"rendered":"\n<p>Monterrey. &#8211; El ex Big Brother, Patricio \u201cPato\u201d Zambrano, volvi\u00f3 a cambiar de partido, ahora se sum\u00f3 a Movimiento Ciudadano y dej\u00f3 Vida, por el que contendi\u00f3 como candidato a la alcald\u00eda de Monterrey en la pasada elecci\u00f3n.<\/p>\n\n\n\n<p>Miguel \u00c1ngel S\u00e1nchez, dirigente estatal de MC inform\u00f3 que Zambrano tambi\u00e9n se desempe\u00f1ar\u00e1 como Secretario de Gesti\u00f3n Social del partido en Nuevo Le\u00f3n.<\/p>\n\n\n\n<p>El ex Big Brother, de 57 a\u00f1os asever\u00f3 que es la primera ocasi\u00f3n que se afilia a un partido, en este caso a MC, por lo que adelant\u00f3 que s\u00f3lo le podr\u00e1n decir chapul\u00edn si el d\u00eda de ma\u00f1ana se sale de \u00e9ste.<\/p>\n\n\n\n<figure class=\"wp-block-image size-full\"><img loading=\"lazy\" decoding=\"async\" width=\"720\" height=\"704\" src=\"https:\/\/diariodigitalmx.com\/wp-content\/uploads\/2025\/03\/Screenshot_20250307_140759_Facebook.jpg\" alt=\"\" class=\"wp-image-132066\" srcset=\"https:\/\/diariodigitalmx.com\/wp-content\/uploads\/2025\/03\/Screenshot_20250307_140759_Facebook.jpg 720w, https:\/\/diariodigitalmx.com\/wp-content\/uploads\/2025\/03\/Screenshot_20250307_140759_Facebook-300x293.jpg 300w\" sizes=\"(max-width: 720px) 100vw, 720px\" \/><\/figure>\n\n\n\n<p>Agradeci\u00f3 que lo hayan tomado en cuenta en un partido tan grande e importante y hasta adelant\u00f3 sus aspiraciones de ser alcalde o gobernador: &#8220;Tengo muchas ganas de buscar la Alcald\u00eda de Monterrey o la Gubernatura, lo que ustedes decidan, soy una persona disciplinada&#8221;, manifest\u00f3 Zambrano quien afirm\u00f3 se sum\u00f3 a ese partido porque es de j\u00f3venes y se les da la oportunidad.<\/p>\n\n\n\n<p>Incluso, revel\u00f3 que el negociador de su ingreso a Movimiento Ciudadano fue&nbsp;<strong>Miguel Flores<\/strong>, coordinador de los diputados de MC en el Congreso local.<\/p>\n\n\n\n<p><strong>Bajo las siglas del Partido del Trabajo ha sido dos veces candidato a la alcald\u00eda de Monterrey, y una por Vida, mismas que no gan\u00f3, adem\u00e1s de contender por una diputaci\u00f3n local en el 2021 bajo el amparo de la alianza <\/strong>PT, PVEM y PRI. Tambi\u00e9n estuvo breve tiempo en el Partido Verde.<\/p>\n\n\n\n<p>El anunci\u00f3 de la incorporaci\u00f3n de Zambrano a MC se realiz\u00f3 en una conferencia de prensa que encabez\u00f3 el coordinador de la bancada de MC local Miguel Flores y el dirigente estatal del partido <strong>Miguel \u00c1ngel S\u00e1nchez<\/strong>, a la que acudieron&nbsp;Diputados locales y federales, as\u00ed como funcionarios estatales, en un hotel de la localidad.<br>Estuvieron en el evento funcionarios como el secretario de Participaci\u00f3n Ciudadana, Daniel Acosta; la titular del Sistema de Radio y Televisi\u00f3n, Roberta Carrillo, y el del Instituto de la Juventud, Edelmiro Cavazos, entre otros.<\/p>\n\n\n\n<p>Todav\u00eda hace dos d\u00edas, Zambrano invitaba a los ciudadanos a visitarlo en el Partido VIDA para dar asesorar a quien tuviera problemas legales, pues aseguraba en sus redes sociales: \u201cEso de que hay justicia en NL es un mito; y no de ahora sino de hace 25 a\u00f1os que se apoderaron del Estado. No hay justicia, no hay valores ni hay empat\u00eda, todo es saqueo y robo\u201d, dijo.<\/p>\n\n\n\n<p>Zambrano que a trav\u00e9s de sus redes sociales recorre los municipios conurbados y exhibe deficiencias en servicios, critic\u00f3 los cortes de agua y las altas tarifas de la misma: \u201cTodav\u00eda quieres y todav\u00eda te deslumbras con gobiernos llenos de doctorados, maestr\u00edas y \u201cexpertos\u201d\u201d, escribi\u00f3 el 14 de febrero en su Facebook.<\/p>\n\n\n\n<p>Luego, el 11 del mismo mes destac\u00f3 que en el 2027 llegar\u00e1 un gobernador que desde el d\u00eda uno le regresar\u00e1 la tranquilidad, el respeto y el tiempo perdido a la gente que usa transporte p\u00fablico\u201d, en referencia a la crisis de transporte y movilidad que se tiene.<\/p>\n","protected":false},"excerpt":{"rendered":"<p>Monterrey. &#8211; El ex Big Brother, Patricio \u201cPato\u201d Zambrano, volvi\u00f3 a cambiar de partido, ahora se sum\u00f3 a Movimiento Ciudadano y dej\u00f3 Vida, por el que contendi\u00f3 como candidato a la alcald\u00eda de Monterrey en la pasada elecci\u00f3n. Miguel \u00c1ngel S\u00e1nchez, dirigente estatal de MC inform\u00f3 que Zambrano tambi\u00e9n se desempe\u00f1ar\u00e1 como Secretario de Gesti\u00f3n [&hellip;]<\/p>\n","protected":false},"author":1,"featured_media":132065,"comment_status":"open","ping_status":"open","sticky":true,"template":"","format":"standard","meta":{"footnotes":""},"categories":[6,3,5],"tags":[],"_links":{"self":[{"href":"https:\/\/diariodigitalmx.com\/index.php\/wp-json\/wp\/v2\/posts\/132059"}],"collection":[{"href":"https:\/\/diariodigitalmx.com\/index.php\/wp-json\/wp\/v2\/posts"}],"about":[{"href":"https:\/\/diariodigitalmx.com\/index.php\/wp-json\/wp\/v2\/types\/post"}],"author":[{"embeddable":true,"href":"https:\/\/diariodigitalmx.com\/index.php\/wp-json\/wp\/v2\/users\/1"}],"replies":[{"embeddable":true,"href":"https:\/\/diariodigitalmx.com\/index.php\/wp-json\/wp\/v2\/comments?post=132059"}],"version-history":[{"count":2,"href":"https:\/\/diariodigitalmx.com\/index.php\/wp-json\/wp\/v2\/posts\/132059\/revisions"}],"predecessor-version":[{"id":132067,"href":"https:\/\/diariodigitalmx.com\/index.php\/wp-json\/wp\/v2\/posts\/132059\/revisions\/132067"}],"wp:featuredmedia":[{"embeddable":true,"href":"https:\/\/diariodigitalmx.com\/index.php\/wp-json\/wp\/v2\/media\/132065"}],"wp:attachment":[{"href":"https:\/\/diariodigitalmx.com\/index.php\/wp-json\/wp\/v2\/media?parent=132059"}],"wp:term":[{"taxonomy":"category","embeddable":true,"href":"https:\/\/diariodigitalmx.com\/index.php\/wp-json\/wp\/v2\/categories?post=132059"},{"taxonomy":"post_tag","embeddable":true,"href":"https:\/\/diariodigitalmx.com\/index.php\/wp-json\/wp\/v2\/tags?post=132059"}],"curies":[{"name":"wp","href":"https:\/\/api.w.org\/{rel}","templated":true}]}}