{"id":132073,"date":"2025-03-08T07:08:18","date_gmt":"2025-03-08T13:08:18","guid":{"rendered":"https:\/\/diariodigitalmx.com\/?p=132073"},"modified":"2025-03-08T07:09:29","modified_gmt":"2025-03-08T13:09:29","slug":"solicitan-garantizar-ambiente-seguro-y-respetuoso-de-los-derechos-humanos-en-la-marcha-8m","status":"publish","type":"post","link":"https:\/\/diariodigitalmx.com\/index.php\/2025\/03\/08\/solicitan-garantizar-ambiente-seguro-y-respetuoso-de-los-derechos-humanos-en-la-marcha-8m\/","title":{"rendered":"Solicitan garantizar ambiente seguro y respetuoso de los derechos humanos  en la marcha 8M"},"content":{"rendered":"\n<p>En el marco del D\u00eda Internacional de las Mujeres y ante las manifestaciones que se llevar\u00e1n a cabo este 8 de marzo, la Comisi\u00f3n Estatal de Derechos Humanos del Estado de Nuevo Le\u00f3n (CEDHNL) solicita que se tomen las medidas necesarias para garantizar que las manifestaciones se desarrollen en un ambiente de seguridad y respeto a los derechos humanos.<\/p>\n\n\n\n<p>La titular del organismo, Susana M\u00e9ndez Arellano reconoci\u00f3 la importancia de las manifestaciones como un espacio leg\u00edtimo para expresar la indignaci\u00f3n y exigir justicia ante la violencia de g\u00e9nero y los feminicidios que laceran a nuestra sociedad.&nbsp;<\/p>\n\n\n\n<p>\u201cEs fundamental recordar que la libertad de expresi\u00f3n y el derecho a la manifestaci\u00f3n pac\u00edfica son derechos humanos fundamentales que deben ser garantizados por las autoridades\u201d, se\u00f1al\u00f3 M\u00e9ndez Arellano.<\/p>\n\n\n\n<figure class=\"wp-block-image size-large\"><img loading=\"lazy\" decoding=\"async\" width=\"1024\" height=\"588\" src=\"https:\/\/diariodigitalmx.com\/wp-content\/uploads\/2025\/03\/CEDHNL-8M-1-1024x588.jpg\" alt=\"\" class=\"wp-image-132076\" srcset=\"https:\/\/diariodigitalmx.com\/wp-content\/uploads\/2025\/03\/CEDHNL-8M-1-1024x588.jpg 1024w, https:\/\/diariodigitalmx.com\/wp-content\/uploads\/2025\/03\/CEDHNL-8M-1-300x172.jpg 300w, https:\/\/diariodigitalmx.com\/wp-content\/uploads\/2025\/03\/CEDHNL-8M-1-768x441.jpg 768w, https:\/\/diariodigitalmx.com\/wp-content\/uploads\/2025\/03\/CEDHNL-8M-1-1536x882.jpg 1536w, https:\/\/diariodigitalmx.com\/wp-content\/uploads\/2025\/03\/CEDHNL-8M-1.jpg 2048w\" sizes=\"(max-width: 1024px) 100vw, 1024px\" \/><\/figure>\n\n\n\n<p>La Ombudsperson explic\u00f3 que la CEDHNL ha emitido tres recomendaciones a la Instituci\u00f3n Policial Estatal Fuerza Civil de la Secretar\u00eda de Seguridad del Estado, en relaci\u00f3n con las manifestaciones de los a\u00f1os 2022, 2023 y 2024, donde se documentaron violaciones a derechos humanos.<\/p>\n\n\n\n<p>Adem\u00e1s dio a conocer que las mujeres de la CEDHNL estar\u00e1n presentes durante las manifestaciones para observar y documentar cualquier posible violaci\u00f3n a derechos humanos quienes ser\u00e1n identificables f\u00e1cilmente con sus credenciales de servidoras p\u00fablicas, as\u00ed como por la vestimenta oficial de la instituci\u00f3n.<\/p>\n\n\n\n<p>\u201cHacemos un llamado a las autoridades a evitar el uso excesivo de la fuerza y las detenciones arbitrarias e ilegales, as\u00ed como garantizar en estas manifestaciones el ejercicio de los derechos humanos de las mujeres\u201d, puntualiz\u00f3.<\/p>\n\n\n\n<p>Susana M\u00e9ndez Arellano reiter\u00f3 su compromiso con la defensa de los derechos de las mujeres y ni\u00f1as a vivir una vida libre de violencia, en condiciones de igualdad, justicia y acceso a todos sus derechos en busca de lograr la construcci\u00f3n de una sociedad m\u00e1s justa e igualitaria.<\/p>\n\n\n\n<p>A su vez, la titular de la Comisi\u00f3n, record\u00f3 que el organismo de derechos humanos brinda atenci\u00f3n permanente en sus oficinas ubicadas en Cuauht\u00e9moc 335 Norte, en el centro de Monterrey, o v\u00eda telef\u00f3nica a los n\u00fameros 81-83-45-86-44 y terminaci\u00f3n 45.<\/p>\n","protected":false},"excerpt":{"rendered":"<p>En el marco del D\u00eda Internacional de las Mujeres y ante las manifestaciones que se llevar\u00e1n a cabo este 8 de marzo, la Comisi\u00f3n Estatal de Derechos Humanos del Estado de Nuevo Le\u00f3n (CEDHNL) solicita que se tomen las medidas necesarias para garantizar que las manifestaciones se desarrollen en un ambiente de seguridad y respeto [&hellip;]<\/p>\n","protected":false},"author":1,"featured_media":132075,"comment_status":"open","ping_status":"open","sticky":true,"template":"","format":"standard","meta":{"footnotes":""},"categories":[14,6],"tags":[],"_links":{"self":[{"href":"https:\/\/diariodigitalmx.com\/index.php\/wp-json\/wp\/v2\/posts\/132073"}],"collection":[{"href":"https:\/\/diariodigitalmx.com\/index.php\/wp-json\/wp\/v2\/posts"}],"about":[{"href":"https:\/\/diariodigitalmx.com\/index.php\/wp-json\/wp\/v2\/types\/post"}],"author":[{"embeddable":true,"href":"https:\/\/diariodigitalmx.com\/index.php\/wp-json\/wp\/v2\/users\/1"}],"replies":[{"embeddable":true,"href":"https:\/\/diariodigitalmx.com\/index.php\/wp-json\/wp\/v2\/comments?post=132073"}],"version-history":[{"count":2,"href":"https:\/\/diariodigitalmx.com\/index.php\/wp-json\/wp\/v2\/posts\/132073\/revisions"}],"predecessor-version":[{"id":132078,"href":"https:\/\/diariodigitalmx.com\/index.php\/wp-json\/wp\/v2\/posts\/132073\/revisions\/132078"}],"wp:featuredmedia":[{"embeddable":true,"href":"https:\/\/diariodigitalmx.com\/index.php\/wp-json\/wp\/v2\/media\/132075"}],"wp:attachment":[{"href":"https:\/\/diariodigitalmx.com\/index.php\/wp-json\/wp\/v2\/media?parent=132073"}],"wp:term":[{"taxonomy":"category","embeddable":true,"href":"https:\/\/diariodigitalmx.com\/index.php\/wp-json\/wp\/v2\/categories?post=132073"},{"taxonomy":"post_tag","embeddable":true,"href":"https:\/\/diariodigitalmx.com\/index.php\/wp-json\/wp\/v2\/tags?post=132073"}],"curies":[{"name":"wp","href":"https:\/\/api.w.org\/{rel}","templated":true}]}}