{"id":132079,"date":"2025-03-08T07:14:26","date_gmt":"2025-03-08T13:14:26","guid":{"rendered":"https:\/\/diariodigitalmx.com\/?p=132079"},"modified":"2025-03-08T07:15:36","modified_gmt":"2025-03-08T13:15:36","slug":"termino-un-sexenio-con-mas-de-20-mil-feminicidios-e-impunidad-monica-sandoval","status":"publish","type":"post","link":"https:\/\/diariodigitalmx.com\/index.php\/2025\/03\/08\/termino-un-sexenio-con-mas-de-20-mil-feminicidios-e-impunidad-monica-sandoval\/","title":{"rendered":"Termin\u00f3 un sexenio con m\u00e1s de 20 mil feminicidios e impunidad: M\u00f3nica Sandoval"},"content":{"rendered":"\n<p>La diputada federal M\u00f3nica Sandoval Hern\u00e1ndez asegur\u00f3 que en el anterior sexenio se registraron m\u00e1s de 20 mil feminicidios, muchos de los cuales siguen en impunidad y sin resolver, por ello llam\u00f3 a seguir trabajando por sus derechos porque tan solo en enero pasado se contabilizaron 241 muertes violentas de mujeres.&nbsp;&nbsp;<\/p>\n\n\n\n<p>Al encabezar el Foro: \u201cCon M de Mujer se escribe M\u00e9xico\u201d, la integrante del Grupo Parlamentario del PRI hizo un llamado de sororidad de todas las mujeres sin distingo de colores ni partidos. Se\u00f1al\u00f3 que a\u00fan hay muchas cosas por hacer y derechos por conquistar, pues hoy en M\u00e9xico el 40 por ciento de las f\u00e9minas que trabajan se encuentran en la informalidad.<\/p>\n\n\n\n<p>En el marco del D\u00eda Internacional de la Mujer, dijo que va a buscar mayor formalidad y m\u00e1s y mejores derechos laborales. Como herencia, indic\u00f3, el pasado Gobierno Federal nos deja datos dolorosos, por ejemplo, m\u00e1s del 70 por ciento de las mujeres han sufrido violencia.<\/p>\n\n\n\n<figure class=\"wp-block-image size-large\"><img loading=\"lazy\" decoding=\"async\" width=\"1024\" height=\"682\" src=\"https:\/\/diariodigitalmx.com\/wp-content\/uploads\/2025\/03\/unnamed-5-1024x682.jpg\" alt=\"\" class=\"wp-image-132082\" srcset=\"https:\/\/diariodigitalmx.com\/wp-content\/uploads\/2025\/03\/unnamed-5-1024x682.jpg 1024w, https:\/\/diariodigitalmx.com\/wp-content\/uploads\/2025\/03\/unnamed-5-300x200.jpg 300w, https:\/\/diariodigitalmx.com\/wp-content\/uploads\/2025\/03\/unnamed-5-768x512.jpg 768w, https:\/\/diariodigitalmx.com\/wp-content\/uploads\/2025\/03\/unnamed-5.jpg 1280w\" sizes=\"(max-width: 1024px) 100vw, 1024px\" \/><\/figure>\n\n\n\n<p>\u201cHoy somos protagonistas del cambio social, econ\u00f3mico y pol\u00edtico, para reconocernos como guerreras y reconocer que, a golpe de exigencias hoy dirigimos empresas, educamos, construimos, legislamos e impulsamos a este pa\u00eds\u201d, afirm\u00f3 la legisladora priista.<\/p>\n\n\n\n<p>Refiri\u00f3 que ha propuesto iniciativas para capacitar a las fiscal\u00edas en materia de atenci\u00f3n con perspectiva de g\u00e9nero, al tiempo que expuso que hoy en nuestro pa\u00eds, el 40 por ciento de las mujeres no tiene accesos a servicios de salud; el 49 por ciento carece de seguridad social y el 21 por ciento presenta rezago educativo.&nbsp;<\/p>\n\n\n\n<p>\u201cConmemorar nos obliga a comprometernos e ir m\u00e1s all\u00e1 de colores; hoy estamos aqu\u00ed por las que sacrificaron todo. Para que nosotras tuvi\u00e9ramos un espacio m\u00e1s y para que sigui\u00e9ramos dando esta lucha; para que las mujeres del ma\u00f1ana tengan mucho m\u00e1s de lo que hoy tenemos\u201d, concluy\u00f3.<\/p>\n\n\n\n<p>En su oportunidad, las participantes de diferentes organizaciones en pro de la mujer propusieron, entre otros temas, que se legisle con perspectiva de familia y que se reinstale la Comisi\u00f3n de la Familia de manera honor\u00edfica para tratar los temas referentes a la protecci\u00f3n y fortalecimiento familiar tal y como lo mandata la Constituci\u00f3n mexicana y los Tratados Internacionales que est\u00e1n homologados a la Carta Magna.<\/p>\n\n\n\n<p>Tambi\u00e9n solicitaron m\u00e1s presupuesto para programas de prevenci\u00f3n de la violencia contra las mujeres para fortalecer los valores \u00e9ticos y morales. Y mencionaron que hoy es importante la participaci\u00f3n de la sociedad civil en la discusi\u00f3n de las iniciativas de ley.<\/p>\n\n\n\n<p>En el encuentro participaron como ponentes&nbsp;la exsenadora Lisbeth Hern\u00e1ndez; Cadmel Le\u00f3n, de la organizaci\u00f3n Mujer, Imposible Borrar; Clara Vega, de Mujer que da Vida; Alma de Le\u00f3n, de Una Vida Sin&nbsp;Violencia; Luc\u00eda Ram\u00edrez Ortiz, Secretaria de Atenci\u00f3n a los Adultos Mayores del CEN PRI, Maestra Victoria Grant ;y Adriana Rangel, de La verdadera Sororidad.<\/p>\n","protected":false},"excerpt":{"rendered":"<p>La diputada federal M\u00f3nica Sandoval Hern\u00e1ndez asegur\u00f3 que en el anterior sexenio se registraron m\u00e1s de 20 mil feminicidios, muchos de los cuales siguen en impunidad y sin resolver, por ello llam\u00f3 a seguir trabajando por sus derechos porque tan solo en enero pasado se contabilizaron 241 muertes violentas de mujeres.&nbsp;&nbsp; Al encabezar el Foro: [&hellip;]<\/p>\n","protected":false},"author":1,"featured_media":132081,"comment_status":"open","ping_status":"open","sticky":true,"template":"","format":"standard","meta":{"footnotes":""},"categories":[14,2],"tags":[],"_links":{"self":[{"href":"https:\/\/diariodigitalmx.com\/index.php\/wp-json\/wp\/v2\/posts\/132079"}],"collection":[{"href":"https:\/\/diariodigitalmx.com\/index.php\/wp-json\/wp\/v2\/posts"}],"about":[{"href":"https:\/\/diariodigitalmx.com\/index.php\/wp-json\/wp\/v2\/types\/post"}],"author":[{"embeddable":true,"href":"https:\/\/diariodigitalmx.com\/index.php\/wp-json\/wp\/v2\/users\/1"}],"replies":[{"embeddable":true,"href":"https:\/\/diariodigitalmx.com\/index.php\/wp-json\/wp\/v2\/comments?post=132079"}],"version-history":[{"count":2,"href":"https:\/\/diariodigitalmx.com\/index.php\/wp-json\/wp\/v2\/posts\/132079\/revisions"}],"predecessor-version":[{"id":132084,"href":"https:\/\/diariodigitalmx.com\/index.php\/wp-json\/wp\/v2\/posts\/132079\/revisions\/132084"}],"wp:featuredmedia":[{"embeddable":true,"href":"https:\/\/diariodigitalmx.com\/index.php\/wp-json\/wp\/v2\/media\/132081"}],"wp:attachment":[{"href":"https:\/\/diariodigitalmx.com\/index.php\/wp-json\/wp\/v2\/media?parent=132079"}],"wp:term":[{"taxonomy":"category","embeddable":true,"href":"https:\/\/diariodigitalmx.com\/index.php\/wp-json\/wp\/v2\/categories?post=132079"},{"taxonomy":"post_tag","embeddable":true,"href":"https:\/\/diariodigitalmx.com\/index.php\/wp-json\/wp\/v2\/tags?post=132079"}],"curies":[{"name":"wp","href":"https:\/\/api.w.org\/{rel}","templated":true}]}}