{"id":132095,"date":"2025-03-08T17:04:45","date_gmt":"2025-03-08T23:04:45","guid":{"rendered":"https:\/\/diariodigitalmx.com\/?p=132095"},"modified":"2025-03-08T17:08:24","modified_gmt":"2025-03-08T23:08:24","slug":"en-juarez-conmemoran-dia-internacional-de-la-mujer","status":"publish","type":"post","link":"https:\/\/diariodigitalmx.com\/index.php\/2025\/03\/08\/en-juarez-conmemoran-dia-internacional-de-la-mujer\/","title":{"rendered":"En Ju\u00e1rez, conmemoran D\u00eda Internacional de la Mujer"},"content":{"rendered":"\n<figure class=\"wp-block-image size-full\"><img loading=\"lazy\" decoding=\"async\" width=\"720\" height=\"538\" src=\"https:\/\/diariodigitalmx.com\/wp-content\/uploads\/2025\/03\/FB_IMG_1741474712611.jpg\" alt=\"\" class=\"wp-image-132099\" srcset=\"https:\/\/diariodigitalmx.com\/wp-content\/uploads\/2025\/03\/FB_IMG_1741474712611.jpg 720w, https:\/\/diariodigitalmx.com\/wp-content\/uploads\/2025\/03\/FB_IMG_1741474712611-300x224.jpg 300w\" sizes=\"(max-width: 720px) 100vw, 720px\" \/><\/figure>\n\n\n\n<p>Ju\u00e1rez, N.L.- En el marco del D\u00eda Internacional de la Mujer, el Gobierno Municipal llev\u00f3 a cabo una serie de actividades para reconocer la lucha, los logros y la importancia de las mujeres en la sociedad.<\/p>\n\n\n\n<figure class=\"wp-block-image size-full\"><img loading=\"lazy\" decoding=\"async\" width=\"720\" height=\"538\" src=\"https:\/\/diariodigitalmx.com\/wp-content\/uploads\/2025\/03\/FB_IMG_1741474724104.jpg\" alt=\"\" class=\"wp-image-132104\" srcset=\"https:\/\/diariodigitalmx.com\/wp-content\/uploads\/2025\/03\/FB_IMG_1741474724104.jpg 720w, https:\/\/diariodigitalmx.com\/wp-content\/uploads\/2025\/03\/FB_IMG_1741474724104-300x224.jpg 300w\" sizes=\"(max-width: 720px) 100vw, 720px\" \/><\/figure>\n\n\n\n<p>El evento estuvo encabezado por M\u00f3nica Oyervides Acosta, presidenta del DIF Ju\u00e1rez, y la Secretaria de la Mujer, Miriam Garza Pe\u00f1a. Durante su mensaje, Oyervides Acosta destac\u00f3 el compromiso del alcalde F\u00e9lix Arratia Cruz con la equidad y el empoderamiento femenino, resaltando la creaci\u00f3n de la Secretar\u00eda de las Mujeres y la Unidad de Atenci\u00f3n a la Violencia Familiar, as\u00ed como el impulso a la igualdad salarial dentro de la administraci\u00f3n p\u00fablica.<\/p>\n\n\n\n<figure class=\"wp-block-image size-full\"><img loading=\"lazy\" decoding=\"async\" width=\"720\" height=\"538\" src=\"https:\/\/diariodigitalmx.com\/wp-content\/uploads\/2025\/03\/FB_IMG_1741474702347.jpg\" alt=\"\" class=\"wp-image-132101\" srcset=\"https:\/\/diariodigitalmx.com\/wp-content\/uploads\/2025\/03\/FB_IMG_1741474702347.jpg 720w, https:\/\/diariodigitalmx.com\/wp-content\/uploads\/2025\/03\/FB_IMG_1741474702347-300x224.jpg 300w\" sizes=\"(max-width: 720px) 100vw, 720px\" \/><\/figure>\n\n\n\n<p>Las asistentes participaron en conferencias, talleres y una clase de defensa personal. La jornada incluy\u00f3 la ponencia \u201cAvances y Retos en el D\u00eda Internacional de la Mujer\u201d, impartida por la maestra Lourdes Aguilar L\u00f3pez, quien hizo un recorrido por la historia de los derechos femeninos en el mundo. Adem\u00e1s, se present\u00f3 la exposici\u00f3n fotogr\u00e1fica \u201cEmpoderadas sin barreras\u201d, a cargo de la fot\u00f3grafa Miriam de Le\u00f3n.<\/p>\n\n\n\n<figure class=\"wp-block-image size-full\"><img loading=\"lazy\" decoding=\"async\" width=\"720\" height=\"538\" src=\"https:\/\/diariodigitalmx.com\/wp-content\/uploads\/2025\/03\/FB_IMG_1741474707776.jpg\" alt=\"\" class=\"wp-image-132103\" srcset=\"https:\/\/diariodigitalmx.com\/wp-content\/uploads\/2025\/03\/FB_IMG_1741474707776.jpg 720w, https:\/\/diariodigitalmx.com\/wp-content\/uploads\/2025\/03\/FB_IMG_1741474707776-300x224.jpg 300w\" sizes=\"(max-width: 720px) 100vw, 720px\" \/><\/figure>\n\n\n\n<p>Con estas acciones, el Gobierno de Ju\u00e1rez reafirma su compromiso con la igualdad de g\u00e9nero, el respeto y el empoderamiento de las mujeres juarenses.<\/p>\n","protected":false},"excerpt":{"rendered":"<p>Ju\u00e1rez, N.L.- En el marco del D\u00eda Internacional de la Mujer, el Gobierno Municipal llev\u00f3 a cabo una serie de actividades para reconocer la lucha, los logros y la importancia de las mujeres en la sociedad. El evento estuvo encabezado por M\u00f3nica Oyervides Acosta, presidenta del DIF Ju\u00e1rez, y la Secretaria de la Mujer, Miriam [&hellip;]<\/p>\n","protected":false},"author":1,"featured_media":132097,"comment_status":"open","ping_status":"open","sticky":true,"template":"","format":"standard","meta":{"footnotes":""},"categories":[14,6],"tags":[],"_links":{"self":[{"href":"https:\/\/diariodigitalmx.com\/index.php\/wp-json\/wp\/v2\/posts\/132095"}],"collection":[{"href":"https:\/\/diariodigitalmx.com\/index.php\/wp-json\/wp\/v2\/posts"}],"about":[{"href":"https:\/\/diariodigitalmx.com\/index.php\/wp-json\/wp\/v2\/types\/post"}],"author":[{"embeddable":true,"href":"https:\/\/diariodigitalmx.com\/index.php\/wp-json\/wp\/v2\/users\/1"}],"replies":[{"embeddable":true,"href":"https:\/\/diariodigitalmx.com\/index.php\/wp-json\/wp\/v2\/comments?post=132095"}],"version-history":[{"count":3,"href":"https:\/\/diariodigitalmx.com\/index.php\/wp-json\/wp\/v2\/posts\/132095\/revisions"}],"predecessor-version":[{"id":132105,"href":"https:\/\/diariodigitalmx.com\/index.php\/wp-json\/wp\/v2\/posts\/132095\/revisions\/132105"}],"wp:featuredmedia":[{"embeddable":true,"href":"https:\/\/diariodigitalmx.com\/index.php\/wp-json\/wp\/v2\/media\/132097"}],"wp:attachment":[{"href":"https:\/\/diariodigitalmx.com\/index.php\/wp-json\/wp\/v2\/media?parent=132095"}],"wp:term":[{"taxonomy":"category","embeddable":true,"href":"https:\/\/diariodigitalmx.com\/index.php\/wp-json\/wp\/v2\/categories?post=132095"},{"taxonomy":"post_tag","embeddable":true,"href":"https:\/\/diariodigitalmx.com\/index.php\/wp-json\/wp\/v2\/tags?post=132095"}],"curies":[{"name":"wp","href":"https:\/\/api.w.org\/{rel}","templated":true}]}}