{"id":132152,"date":"2025-03-09T17:39:04","date_gmt":"2025-03-09T23:39:04","guid":{"rendered":"https:\/\/diariodigitalmx.com\/?p=132152"},"modified":"2025-03-10T06:17:56","modified_gmt":"2025-03-10T12:17:56","slug":"pueblo-de-mexico-es-mucha-pieza","status":"publish","type":"post","link":"https:\/\/diariodigitalmx.com\/index.php\/2025\/03\/09\/pueblo-de-mexico-es-mucha-pieza\/","title":{"rendered":"Pueblo de M\u00e9xico es mucha pieza"},"content":{"rendered":"\n<p>*Juntos somos m\u00e1s, nuestra fuerza es el pueblo: Sheinbam&nbsp;<\/p>\n\n\n\n<p>*Celebr\u00f3 que en la relaci\u00f3n con EU prevaleci\u00f3 el di\u00e1logo y el respeto, adem\u00e1s de que con el T-MEC, a M\u00e9xico no deber\u00edan aplicarse los aranceles rec\u00edprocos que impondr\u00e1 el gobierno estadounidense el 2 de abril&nbsp;<\/p>\n\n\n\n<p>Marcos H. Valerio&nbsp;<\/p>\n\n\n\n<p>Bajo un sol radiante que parec\u00eda acompa\u00f1ar el fervor de la jornada, miles de ciudadanos provenientes de todos los rincones de la Rep\u00fablica Mexicana se congregaron en la capital para manifestar su apoyo a la presidenta Claudia Sheinbaum Pardo. Desde las tierras \u00e1ridas de Baja California hasta las selvas h\u00famedas de Campeche, la ciudadan\u00eda acudi\u00f3 con un mensaje claro: la mandataria no est\u00e1 sola en su gesti\u00f3n frente a los retos internacionales.<\/p>\n\n\n\n<p>Asegur\u00f3 que el pueblo de M\u00e9xico ha demostrado que es mucha pieza y que en unidad somos m\u00e1s.&nbsp;<\/p>\n\n\n\n<p>\u201cSe ha demostrado que el amor a la patria siempre llama. Hemos demostrado que el pueblo de M\u00e9xico es mucha pieza, y que juntas y juntos somos m\u00e1s, hacemos m\u00e1s y llegamos m\u00e1s lejos. Y aqu\u00ed en plaza p\u00fablica, en el coraz\u00f3n de la Rep\u00fablica, siempre diremos con orgullo y amor: M\u00e9xico es un pa\u00eds, libre, independiente, soberano, y democr\u00e1tico\u201d.<\/p>\n\n\n\n<figure class=\"wp-block-image size-large\"><img loading=\"lazy\" decoding=\"async\" width=\"1024\" height=\"682\" src=\"https:\/\/diariodigitalmx.com\/wp-content\/uploads\/2025\/03\/IMG-20250309-WA0133-1024x682.jpg\" alt=\"\" class=\"wp-image-132166\" srcset=\"https:\/\/diariodigitalmx.com\/wp-content\/uploads\/2025\/03\/IMG-20250309-WA0133-1024x682.jpg 1024w, https:\/\/diariodigitalmx.com\/wp-content\/uploads\/2025\/03\/IMG-20250309-WA0133-300x200.jpg 300w, https:\/\/diariodigitalmx.com\/wp-content\/uploads\/2025\/03\/IMG-20250309-WA0133-768x512.jpg 768w, https:\/\/diariodigitalmx.com\/wp-content\/uploads\/2025\/03\/IMG-20250309-WA0133.jpg 1280w\" sizes=\"(max-width: 1024px) 100vw, 1024px\" \/><\/figure>\n\n\n\n<p>\u201cNuestra fuerza es el pueblo, nuestro motivo es el bienestar del pueblo, tenemos la misi\u00f3n de servir al pueblo y a la patria. Tengan la certeza de que su Presidenta, con temple y coraz\u00f3n, nunca les va a traicionar y que siempre pondr\u00e9 mi coraz\u00f3n, mente, energ\u00eda y hasta la vida misma, por nuestro querido y amado M\u00e9xico\u201d, destac\u00f3.&nbsp;<\/p>\n\n\n\n<p>Sobre la relaci\u00f3n con el gobierno de los Estados Unidos, explic\u00f3 que a M\u00e9xico no se le tendr\u00edan que aplicar los aranceles rec\u00edprocos que el Presidente de Estados Unidos, Donald Trump impondr\u00e1 a todos los pa\u00edses del mundo a partir del 2 de abril, ya que con el Tratado M\u00e9xico, Estados Unidos, Canad\u00e1 (T-MEC), se establece que no hay tarifas entre estas naciones.<\/p>\n\n\n\n<p>\u201cSomos optimistas, porque ese d\u00eda, el 2 de abril, el gobierno de Estados Unidos ha anunciado que pondr\u00e1 aranceles rec\u00edprocos a todos los pa\u00edses del mundo. Por ello, si alg\u00fan pa\u00eds le cobra por sus exportaciones, Estados Unidos lo har\u00e1 tambi\u00e9n, eso es lo que ellos&nbsp; han dicho. Nada m\u00e1s que M\u00e9xico no est\u00e1 en ese \u00e1mbito, pues nosotros desde hace m\u00e1s de 30 a\u00f1os hemos firmado dos Tratados Comerciales, con los que se establece que nosotros no tenemos aranceles con ellos, ni ellos con nosotros. Es decir, no se tendr\u00edan que aplicar aranceles rec\u00edprocos, porque pr\u00e1cticamente, no hay aranceles de M\u00e9xico hacia los Estados Unidos\u201d, destac\u00f3.<\/p>\n\n\n\n<p>Ante esto, celebr\u00f3 que durante el trato con el gobierno de Estados Unidos, prevaleci\u00f3 el di\u00e1logo y el respeto, por lo que los aranceles que est\u00e1n siendo aplicados a productos de exportaci\u00f3n fueron levantados, lo que destac\u00f3 fue un logr\u00f3 de&nbsp; todos los mexicanos.<\/p>\n\n\n\n<p>\u201cNos reunimos para congratularnos porque en la relaci\u00f3n con el gobierno de los Estados Unidos prevaleci\u00f3 el di\u00e1logo y el respeto y fueron levantadas las tarifas o aranceles, que se estaban ya aplicando a los productos que exportamos hacia el vecino pa\u00eds. Este repito, es un logro de todas y todos\u201d, resalt\u00f3.&nbsp;<\/p>\n\n\n\n<p>Por ello resalt\u00f3 que el Gobierno de M\u00e9xico debe seguir bajo la siguiente estrategia:<\/p>\n\n\n\n<p>\u2022\u2060&nbsp; \u2060Fortalecimiento del mercado interno. Eso significa seguir aumentando el salario m\u00ednimo y el bienestar de nuestro pueblo.<\/p>\n\n\n\n<p>\u2022\u2060&nbsp; \u2060Ampliar la autosuficiencia en alimentos b\u00e1sicos y en energ\u00e9ticos. Que se produzca en M\u00e9xico lo que consumimos en M\u00e9xico, lo principal.<\/p>\n\n\n\n<p>\u2022\u2060&nbsp; \u2060Promover la inversi\u00f3n p\u00fablica para impulsar la creaci\u00f3n de empleos. Ya inician este y el pr\u00f3ximo mes: la construcci\u00f3n de trenes de M\u00e9xico a Nuevo Laredo, y M\u00e9xico a Nogales. Carreteras, obras de agua, de beneficio social y en un mill\u00f3n de viviendas para el pueblo de M\u00e9xico al que nos comprometimos.<\/p>\n\n\n\n<p>\u2022\u2060&nbsp; \u2060Promover la producci\u00f3n nacional para el mercado interno con el Plan M\u00e9xico, y, fortalecer la base de nuestro proyecto: los Programas de Bienestar: la Pensi\u00f3n a Adulto Mayor, las becas, el Apoyo a Personas con Discapacidad, Sembrando Vida, Producci\u00f3n para el Bienestar, Fertilizantes Gratuitos. Y los tres nuevos programas: Apoyo a todas las mujeres de 60 a 64 a\u00f1os de edad, becas para todos los ni\u00f1os de escuela p\u00fablica, y el Programa de Bienestar Salud Casa por Casa.<\/p>\n\n\n\n<p>Resalt\u00f3 que el Gobierno de M\u00e9xico seguir\u00e1 colaborando con Estados Unidos en diferentes temas, particularmente para combatir el consumo de fentanilo, con el objetivo de que esta droga no llegue a los j\u00f3venes mexicanos ni a estadounidenses. Tal y como se ha estado haciendo con los esfuerzos de la Secretar\u00eda de Seguridad y Protecci\u00f3n Ciudadana, y las Fuerzas Armadas en M\u00e9xico, cuyas incautaciones ha logrado reducir el cruce de fentanilo en la frontera en 50 por ciento y de enero a febrero de 2025 en 41 por ciento, esto de acuerdo con la Oficina de Aduanas y Protecci\u00f3n Fronteriza de los Estados Unidos.<\/p>\n\n\n\n<p>\u201cEstamos resueltos a colaborar en todos los \u00e1mbitos, especialmente ante la preocupaci\u00f3n que tienen por el grave problema de consumo de drogas sint\u00e9ticas. Por razones humanitarias, M\u00e9xico seguir\u00e1 colaborando para evitar que llegue fentanilo a los j\u00f3venes estadounidenses, para apoyar a las familias estadounidenses. Adem\u00e1s, como lo he dicho, no solo no queremos que esa droga llegue a los j\u00f3venes estadounidenses, sino que no llegue a ning\u00fan lugar del mundo ni a los j\u00f3venes mexicanos, coment\u00f3.<\/p>\n\n\n\n<p>Adem\u00e1s de que, as\u00ed como el Gobierno de M\u00e9xico coopera en este \u00e1mbito, se plantear\u00e1 al Gobierno de M\u00e9xico que debe aplicarse para que dejen de llegar armas de alto poder a nuestro territorio.<\/p>\n\n\n\n<p>Asegur\u00f3 que las incautaciones logradas se han logrado gracias a la Estrategia Nacional de Seguridad de cuatro ejes: atenci\u00f3n a las causas, m\u00e1s y mejor guardia nacional, inteligencia e investigaci\u00f3n y coordinaci\u00f3n con la Fiscal\u00eda y los estados de la Rep\u00fablica, la cual destac\u00f3 da resultados, por ello inform\u00f3 que de octubre 2024 a febrero 2025 se ha logrado reducir en casi 15 por ciento los homicidios dolosos.&nbsp;<\/p>\n\n\n\n<p>\u201cEntre octubre de 2024 y febrero de 2025, les adelanto el dato que \u00edbamos a dar el martes en la ma\u00f1anera hemos reducido los homicidios dolosos en todo el pa\u00eds en casi 15 por ciento. Y no olvidamos lo que es nuestra esencia la paz y la seguridad son fruto de la justicia\u201d, inform\u00f3.<\/p>\n","protected":false},"excerpt":{"rendered":"<p>*Juntos somos m\u00e1s, nuestra fuerza es el pueblo: Sheinbam&nbsp; *Celebr\u00f3 que en la relaci\u00f3n con EU prevaleci\u00f3 el di\u00e1logo y el respeto, adem\u00e1s de que con el T-MEC, a M\u00e9xico no deber\u00edan aplicarse los aranceles rec\u00edprocos que impondr\u00e1 el gobierno estadounidense el 2 de abril&nbsp; Marcos H. Valerio&nbsp; Bajo un sol radiante que parec\u00eda acompa\u00f1ar [&hellip;]<\/p>\n","protected":false},"author":1,"featured_media":132165,"comment_status":"open","ping_status":"open","sticky":true,"template":"","format":"standard","meta":{"footnotes":""},"categories":[14,2],"tags":[],"_links":{"self":[{"href":"https:\/\/diariodigitalmx.com\/index.php\/wp-json\/wp\/v2\/posts\/132152"}],"collection":[{"href":"https:\/\/diariodigitalmx.com\/index.php\/wp-json\/wp\/v2\/posts"}],"about":[{"href":"https:\/\/diariodigitalmx.com\/index.php\/wp-json\/wp\/v2\/types\/post"}],"author":[{"embeddable":true,"href":"https:\/\/diariodigitalmx.com\/index.php\/wp-json\/wp\/v2\/users\/1"}],"replies":[{"embeddable":true,"href":"https:\/\/diariodigitalmx.com\/index.php\/wp-json\/wp\/v2\/comments?post=132152"}],"version-history":[{"count":2,"href":"https:\/\/diariodigitalmx.com\/index.php\/wp-json\/wp\/v2\/posts\/132152\/revisions"}],"predecessor-version":[{"id":132167,"href":"https:\/\/diariodigitalmx.com\/index.php\/wp-json\/wp\/v2\/posts\/132152\/revisions\/132167"}],"wp:featuredmedia":[{"embeddable":true,"href":"https:\/\/diariodigitalmx.com\/index.php\/wp-json\/wp\/v2\/media\/132165"}],"wp:attachment":[{"href":"https:\/\/diariodigitalmx.com\/index.php\/wp-json\/wp\/v2\/media?parent=132152"}],"wp:term":[{"taxonomy":"category","embeddable":true,"href":"https:\/\/diariodigitalmx.com\/index.php\/wp-json\/wp\/v2\/categories?post=132152"},{"taxonomy":"post_tag","embeddable":true,"href":"https:\/\/diariodigitalmx.com\/index.php\/wp-json\/wp\/v2\/tags?post=132152"}],"curies":[{"name":"wp","href":"https:\/\/api.w.org\/{rel}","templated":true}]}}