{"id":132223,"date":"2025-03-10T17:45:15","date_gmt":"2025-03-10T23:45:15","guid":{"rendered":"https:\/\/diariodigitalmx.com\/?p=132223"},"modified":"2025-03-10T17:55:46","modified_gmt":"2025-03-10T23:55:46","slug":"pato-zambrano-nos-engano-y-se-burlo-le-dimos-todo-hasta-seguridad-personal-de-seguridad-acusa-vida-al-ex-big-brother-que-se-fue-a-mc","status":"publish","type":"post","link":"https:\/\/diariodigitalmx.com\/index.php\/2025\/03\/10\/pato-zambrano-nos-engano-y-se-burlo-le-dimos-todo-hasta-seguridad-personal-de-seguridad-acusa-vida-al-ex-big-brother-que-se-fue-a-mc\/","title":{"rendered":"Pato Zambrano nos enga\u00f1\u00f3 y se burl\u00f3; le dimos todo, hasta seguridad de alta gama, acusa VIDA al ex Big Brother que se fue a MC"},"content":{"rendered":"\n<p><\/p>\n\n\n\n<p>Monterrey. &#8211;&nbsp; El Partido Vida Democr\u00e1tica, -Vida- en Nuevo Le\u00f3n acus\u00f3 que el ex Big Brother Patricio &#8220;Pato&#8221; Zambrano los enga\u00f1\u00f3 para irse a Movimiento Ciudadano con Samuel Garc\u00eda. &#8220;Ha hecho de la pol\u00edtica su modos vivendi&#8221;, afirm\u00f3 el Presidente Colegiado de Direcci\u00f3n de VIDA, Jaime Ochoa.<\/p>\n\n\n\n<p>En una rueda de prensa ofrecida tras la salida de VIDA del ex candidato a la Alcald\u00eda de Monterrey, Patricio Zambrano que se fue a MC, Ochoa reconoci\u00f3 que fueron burlados y enga\u00f1ados por el ex Big Brother que ha ido del PT, al Verde, a VIDA y ahora a MC.<\/p>\n\n\n\n<p>&#8220;Hoy nuestro partido se encuentra en una encrucijada, porque hemos sido burlados y enga\u00f1ados por un personaje que ha hecho de la pol\u00edtica su modus vivendi&#8221;.<\/p>\n\n\n\n<p>&#8220;Nuestro partido aut\u00e9nticamente confi\u00f3 en que sus intenciones del servicio a la comunidad eran verdaderas y de forma desinteresada&#8221;, abund\u00f3.<\/p>\n\n\n\n<figure class=\"wp-block-image size-large\"><img loading=\"lazy\" decoding=\"async\" width=\"1024\" height=\"683\" src=\"https:\/\/diariodigitalmx.com\/wp-content\/uploads\/2025\/03\/IMG-20250310-WA0166-1024x683.jpg\" alt=\"\" class=\"wp-image-132231\" srcset=\"https:\/\/diariodigitalmx.com\/wp-content\/uploads\/2025\/03\/IMG-20250310-WA0166-1024x683.jpg 1024w, https:\/\/diariodigitalmx.com\/wp-content\/uploads\/2025\/03\/IMG-20250310-WA0166-300x200.jpg 300w, https:\/\/diariodigitalmx.com\/wp-content\/uploads\/2025\/03\/IMG-20250310-WA0166-768x512.jpg 768w, https:\/\/diariodigitalmx.com\/wp-content\/uploads\/2025\/03\/IMG-20250310-WA0166-1536x1024.jpg 1536w, https:\/\/diariodigitalmx.com\/wp-content\/uploads\/2025\/03\/IMG-20250310-WA0166-2048x1365.jpg 2048w\" sizes=\"(max-width: 1024px) 100vw, 1024px\" \/><\/figure>\n\n\n\n<p>En el evento donde estuvieron tambi\u00e9n los regidores por Monterrey de VIDA, Daniel Villarreal Zambrano y Nayra Nelly Gonz\u00e1lez, se ventil\u00f3 que a Zambrano se le dieron todos tipo de apoyos, desde humanos y materiales hasta seguridad personal.<\/p>\n\n\n\n<p>&#8220;Nos abocamos a cumplir sus exigencias, se le apoy\u00f3 con todos los recursos econ\u00f3micos que solicit\u00f3, as\u00ed como recursos legales, humanos y materiales, para fortalecer su candidatura a la alcald\u00eda de Monterrey&#8221;.<\/p>\n\n\n\n<p>&#8220;Se contrat\u00f3 a un equipo de seguridad elite, con veh\u00edculos y personal de seguridad de alta gama para robustecer su proyecto pol\u00edtico exigi\u00f3 despensas, sillas de ruedas, medicamentos, bastones, balones, mu\u00f1ecas, todo se le entreg\u00f3&#8221;.<\/p>\n\n\n\n<figure class=\"wp-block-image size-full\"><img loading=\"lazy\" decoding=\"async\" width=\"720\" height=\"472\" src=\"https:\/\/diariodigitalmx.com\/wp-content\/uploads\/2025\/03\/Screenshot_20250310_174537_Gallery.jpg\" alt=\"\" class=\"wp-image-132233\" srcset=\"https:\/\/diariodigitalmx.com\/wp-content\/uploads\/2025\/03\/Screenshot_20250310_174537_Gallery.jpg 720w, https:\/\/diariodigitalmx.com\/wp-content\/uploads\/2025\/03\/Screenshot_20250310_174537_Gallery-300x197.jpg 300w\" sizes=\"(max-width: 720px) 100vw, 720px\" \/><\/figure>\n\n\n\n<p>&#8220;Lo que VIDA Nuevo Le\u00f3n no puede permitir, es que la noble causa de servir a la gente, se convierta en un negocio personal de extorsi\u00f3n. Pero nosotros somos diferentes, como hombres de fe, dejamos la justicia a Dios, la ense\u00f1anza que hemos recibido de nuestro se\u00f1or y maestro para estos casos es poner la otra mejilla, nosotros aprendimos a pagar el mal, con bien&#8221;, se\u00f1al\u00f3 Ochoa.<\/p>\n\n\n\n<p>Enseguida, rompi\u00f3 el contrato que ten\u00edan con Zambrano y descart\u00f3 emprender acciones legales.<\/p>\n\n\n\n<p>&#8220;Decidimos no emprender ninguna acci\u00f3n judicial para obligar al cumplimiento de contrato que se firm\u00f3 y que prescribe hasta junio 2027 y donde ambos Pato Zambrano y su servidor Jaime Ochoa nos comprometimos a respetar lo ah\u00ed acordado&#8221;.<\/p>\n\n\n\n<figure class=\"wp-block-image size-full\"><img loading=\"lazy\" decoding=\"async\" width=\"958\" height=\"964\" src=\"https:\/\/diariodigitalmx.com\/wp-content\/uploads\/2025\/03\/IMG-20250310-WA0233.jpg\" alt=\"\" class=\"wp-image-132227\" srcset=\"https:\/\/diariodigitalmx.com\/wp-content\/uploads\/2025\/03\/IMG-20250310-WA0233.jpg 958w, https:\/\/diariodigitalmx.com\/wp-content\/uploads\/2025\/03\/IMG-20250310-WA0233-298x300.jpg 298w, https:\/\/diariodigitalmx.com\/wp-content\/uploads\/2025\/03\/IMG-20250310-WA0233-150x150.jpg 150w, https:\/\/diariodigitalmx.com\/wp-content\/uploads\/2025\/03\/IMG-20250310-WA0233-768x773.jpg 768w\" sizes=\"(max-width: 958px) 100vw, 958px\" \/><\/figure>\n\n\n\n<p>Ochoa otorg\u00f3 su respaldo pol\u00edtico&nbsp; a Daniel Villarreal Zambrano, regidor del Municipio de Monterrey. El dirigente partidista describi\u00f3 a Daniel Villarreal como un joven abogado, padre de familia y deportista, quien ha hecho de la disciplina un estilo de vida. Prometi\u00f3 que lo ver\u00e1n con mucho m\u00e1s frecuencia en las calles de Monterrey con un aut\u00e9ntico activismo social y dando soluci\u00f3n a las necesidades de la gente.<\/p>\n\n\n\n<p>El Regidor Villarreal Zambrano, quien ha destacado por su activa y acertada participaci\u00f3n en las sesiones de Cabildo, su labor en el activismo social y su presencia en redes sociales, se convierte en consecuencia en unas de las cartas m\u00e1s fuertes para el partido Vida Nuevo Le\u00f3n.&nbsp;<\/p>\n","protected":false},"excerpt":{"rendered":"<p>Monterrey. &#8211;&nbsp; El Partido Vida Democr\u00e1tica, -Vida- en Nuevo Le\u00f3n acus\u00f3 que el ex Big Brother Patricio &#8220;Pato&#8221; Zambrano los enga\u00f1\u00f3 para irse a Movimiento Ciudadano con Samuel Garc\u00eda. &#8220;Ha hecho de la pol\u00edtica su modos vivendi&#8221;, afirm\u00f3 el Presidente Colegiado de Direcci\u00f3n de VIDA, Jaime Ochoa. En una rueda de prensa ofrecida tras la [&hellip;]<\/p>\n","protected":false},"author":1,"featured_media":132229,"comment_status":"open","ping_status":"open","sticky":true,"template":"","format":"standard","meta":{"footnotes":""},"categories":[6,3,5],"tags":[],"_links":{"self":[{"href":"https:\/\/diariodigitalmx.com\/index.php\/wp-json\/wp\/v2\/posts\/132223"}],"collection":[{"href":"https:\/\/diariodigitalmx.com\/index.php\/wp-json\/wp\/v2\/posts"}],"about":[{"href":"https:\/\/diariodigitalmx.com\/index.php\/wp-json\/wp\/v2\/types\/post"}],"author":[{"embeddable":true,"href":"https:\/\/diariodigitalmx.com\/index.php\/wp-json\/wp\/v2\/users\/1"}],"replies":[{"embeddable":true,"href":"https:\/\/diariodigitalmx.com\/index.php\/wp-json\/wp\/v2\/comments?post=132223"}],"version-history":[{"count":7,"href":"https:\/\/diariodigitalmx.com\/index.php\/wp-json\/wp\/v2\/posts\/132223\/revisions"}],"predecessor-version":[{"id":132236,"href":"https:\/\/diariodigitalmx.com\/index.php\/wp-json\/wp\/v2\/posts\/132223\/revisions\/132236"}],"wp:featuredmedia":[{"embeddable":true,"href":"https:\/\/diariodigitalmx.com\/index.php\/wp-json\/wp\/v2\/media\/132229"}],"wp:attachment":[{"href":"https:\/\/diariodigitalmx.com\/index.php\/wp-json\/wp\/v2\/media?parent=132223"}],"wp:term":[{"taxonomy":"category","embeddable":true,"href":"https:\/\/diariodigitalmx.com\/index.php\/wp-json\/wp\/v2\/categories?post=132223"},{"taxonomy":"post_tag","embeddable":true,"href":"https:\/\/diariodigitalmx.com\/index.php\/wp-json\/wp\/v2\/tags?post=132223"}],"curies":[{"name":"wp","href":"https:\/\/api.w.org\/{rel}","templated":true}]}}