{"id":132321,"date":"2025-03-13T06:07:38","date_gmt":"2025-03-13T12:07:38","guid":{"rendered":"https:\/\/diariodigitalmx.com\/?p=132321"},"modified":"2025-03-13T06:30:35","modified_gmt":"2025-03-13T12:30:35","slug":"fosas-y-masacres","status":"publish","type":"post","link":"https:\/\/diariodigitalmx.com\/index.php\/2025\/03\/13\/fosas-y-masacres\/","title":{"rendered":"Fosas y masacres"},"content":{"rendered":"\n<p>De frente y de perfil<\/p>\n\n\n\n<p>Ram\u00f3n Zurita Sahag\u00fan<\/p>\n\n\n\n<p>Con todo y la frecuencia con que se producen las masacres y se descubren las fosas clandestinas, ambas siguen sorprendiendo y horrorizando a la poblaci\u00f3n.<\/p>\n\n\n\n<p>Ya no son privativas de unas cuantas entidades, en las que los grupos delincuenciales acaparan gran parte de su territorio.<\/p>\n\n\n\n<p>Son como la humedad y se van expandiendo por todo el pa\u00eds, avanzando a pasos agigantados, provocando el p\u00e1nico en poblaciones de todo tipo. Grandes ciudades, poblaciones peque\u00f1as, comunidades, hasta abarcar estados completos.<\/p>\n\n\n\n<p>La autoridad es la \u00faltima en enterarse y en ocasiones es se\u00f1alada por su colusi\u00f3n con las bandas del crimen organizado.<\/p>\n\n\n\n<p>Act\u00faan en forma indistinta, cooptando a las autoridades o estas haciendo caso omiso de lo que sucede en su entorno, por lo que los criminales act\u00faan sin grandes sobresaltos.<\/p>\n\n\n\n<p>Si el gobierno local o estatal finge demencia o asume una posici\u00f3n de \u201cvalemadrismo\u201d, la federal sigue la misma ruta y poco se conoce como el fondo del asunto.<\/p>\n\n\n\n<p>La responsabilidad de los hechos delictivos se reparte entre los grupos criminales conocidos, pero en ocasiones se desconoce a las nuevas formaciones existentes.<\/p>\n\n\n\n<p>M\u00e9xico se encuentra inmerso en una ola delictiva que avanza como feroz mancha por todo el territorio y nos ense\u00f1a las nuevas formas de operaciones del crimen organizado y no tanto.<\/p>\n\n\n\n<p>Masacres hay con una inusual frecuencia (considerando que la estad\u00edstica toma como tales a las que superan las cuatro personas asesinadas en una misma jornada) y se reproducen por \u00e1reas que se cre\u00edan exentas de este terror.<\/p>\n\n\n\n<p>Hay de todo, desde aquellas que quedaron en la mente de la poblaci\u00f3n, la de San Fernando, Tamaulipas, pasando por la de Allende, Coahuila y otras de menor impacto, sin dejar de lado las de dos, una decena y menores de diez muertos.<\/p>\n\n\n\n<p>No son nuevas las matanzas en bares, cantinas y centros nocturnos, sitios en los que se encuentran reunidas una buena cantidad de personas. ocasi\u00f3n que aprovechan los delincuentes para saldar o cobrar cuentas con sus adversarios y cada vez son m\u00e1s temerarias sus incursiones.<\/p>\n\n\n\n<p>La cifra de muertos y desaparecidos es inmensa y cada d\u00eda se suman m\u00e1s. Los desaparecidos son minimizados, argumentando diversas causas de su desaparici\u00f3n, aunque ahora con las sorprendentes t\u00e9cnicas que usan los delincuentes poco se podr\u00e1 lograr la identificaci\u00f3n de cuerpos.<\/p>\n\n\n\n<p>El rancho de Teuchitl\u00e1n, Jalisco es un ejemplo de la sofisticaci\u00f3n a la que han llegado los grupos criminales, construyendo sus propios centros de exterminios, mediante hornos crematorios.<\/p>\n\n\n\n<p>Se cree que 200 personas fueron asesinadas en ese espacio, por el n\u00famero de pares de zapatos ah\u00ed encontrados, aunque hasta ahora hay poca informaci\u00f3n sobre el tema.<\/p>\n\n\n\n<p>Lo que queda claro es que los colectivos de b\u00fasqueda de personas desaparecidas son la llave para detectar este tipo de sitios de exterminio y las tumbas clandestinas que por cientos se esparcen por todo el territorio nacional.<\/p>\n\n\n\n<p>Valdr\u00eda la pena que las autoridades los tomen en cuenta, los auxilien en sus b\u00fasquedas, les proporcionen ayuda y les den el cr\u00e9dito que les corresponde.<\/p>\n\n\n\n<p>&nbsp; &nbsp; &nbsp; &nbsp; &nbsp; &nbsp; &nbsp; &nbsp; &nbsp; &nbsp; &nbsp; &nbsp; &nbsp; &nbsp; &nbsp; &nbsp; &nbsp; &nbsp; &nbsp; &nbsp; &nbsp; &nbsp; &nbsp; &nbsp; &nbsp; &nbsp; &nbsp; &nbsp; &nbsp; &nbsp; &nbsp; &nbsp; &nbsp; &nbsp; &nbsp; &nbsp; &nbsp; &nbsp; &nbsp; &nbsp;\u2026\u2026\u2026\u2026\u2026\u2026\u2026\u2026.<\/p>\n\n\n\n<p>Colima es una entidad en la que la disputa por el gobierno estatal tendr\u00e1 gran inter\u00e9s. Gobernada por MORENA, panistas y pri\u00edstas ven en 2027 una gran oportunidad de competir con \u00e9xito. Resulta atractiva para fines electorales la figura del reci\u00e9n reelecto rector de la Universidad Aut\u00f3noma de Colima, Cristian Jorge Torres Ortiz, un personaje sin ligas con ning\u00fan partido pol\u00edtico, pero reconocido por su trabajo. MORENA, PAN y PRI, lo ven como un futuro prospecto para las urnas. Hay que recordar que en Colima un exrector logr\u00f3 gobernar la entidad, Fernando Moreno Pe\u00f1a.<\/p>\n\n\n\n<p>Email:&nbsp;<a href=\"mailto:ramonzurita44@hotmail.com\" target=\"_blank\" rel=\"noreferrer noopener\">ramonzurita44@hotmail.com<\/a><\/p>\n\n\n\n<p>Email:&nbsp;<a href=\"mailto:ramonzurita44@gmail.com\" target=\"_blank\" rel=\"noreferrer noopener\">ramonzurita44@gmail.com<\/a><\/p>\n","protected":false},"excerpt":{"rendered":"<p>De frente y de perfil Ram\u00f3n Zurita Sahag\u00fan Con todo y la frecuencia con que se producen las masacres y se descubren las fosas clandestinas, ambas siguen sorprendiendo y horrorizando a la poblaci\u00f3n. Ya no son privativas de unas cuantas entidades, en las que los grupos delincuenciales acaparan gran parte de su territorio. Son como [&hellip;]<\/p>\n","protected":false},"author":1,"featured_media":132329,"comment_status":"open","ping_status":"open","sticky":true,"template":"","format":"standard","meta":{"footnotes":""},"categories":[14,12],"tags":[],"_links":{"self":[{"href":"https:\/\/diariodigitalmx.com\/index.php\/wp-json\/wp\/v2\/posts\/132321"}],"collection":[{"href":"https:\/\/diariodigitalmx.com\/index.php\/wp-json\/wp\/v2\/posts"}],"about":[{"href":"https:\/\/diariodigitalmx.com\/index.php\/wp-json\/wp\/v2\/types\/post"}],"author":[{"embeddable":true,"href":"https:\/\/diariodigitalmx.com\/index.php\/wp-json\/wp\/v2\/users\/1"}],"replies":[{"embeddable":true,"href":"https:\/\/diariodigitalmx.com\/index.php\/wp-json\/wp\/v2\/comments?post=132321"}],"version-history":[{"count":1,"href":"https:\/\/diariodigitalmx.com\/index.php\/wp-json\/wp\/v2\/posts\/132321\/revisions"}],"predecessor-version":[{"id":132322,"href":"https:\/\/diariodigitalmx.com\/index.php\/wp-json\/wp\/v2\/posts\/132321\/revisions\/132322"}],"wp:featuredmedia":[{"embeddable":true,"href":"https:\/\/diariodigitalmx.com\/index.php\/wp-json\/wp\/v2\/media\/132329"}],"wp:attachment":[{"href":"https:\/\/diariodigitalmx.com\/index.php\/wp-json\/wp\/v2\/media?parent=132321"}],"wp:term":[{"taxonomy":"category","embeddable":true,"href":"https:\/\/diariodigitalmx.com\/index.php\/wp-json\/wp\/v2\/categories?post=132321"},{"taxonomy":"post_tag","embeddable":true,"href":"https:\/\/diariodigitalmx.com\/index.php\/wp-json\/wp\/v2\/tags?post=132321"}],"curies":[{"name":"wp","href":"https:\/\/api.w.org\/{rel}","templated":true}]}}