{"id":132323,"date":"2025-03-13T06:14:21","date_gmt":"2025-03-13T12:14:21","guid":{"rendered":"https:\/\/diariodigitalmx.com\/?p=132323"},"modified":"2025-03-13T06:26:24","modified_gmt":"2025-03-13T12:26:24","slug":"aumentan-pasajeros-que-vuelan-con-viva","status":"publish","type":"post","link":"https:\/\/diariodigitalmx.com\/index.php\/2025\/03\/13\/aumentan-pasajeros-que-vuelan-con-viva\/","title":{"rendered":"Aumentan pasajeros que vuelan con Viva"},"content":{"rendered":"\n<p>Ciudad de M\u00e9xico, \u2013 Viva anunci\u00f3 sus resultados preliminares de tr\u00e1fico correspondientes a febrero de 2025, en el cual, el tr\u00e1fico de pasajeros increment\u00f3 un 9.5% comparado con febrero de 2024, alcanzando 2.1 millones de pasajeros, impulsado por un aumento del 7.9% y 24.4% en el tr\u00e1fico nacional e internacional, respectivamente.<\/p>\n\n\n\n<p>El factor de ocupaci\u00f3n alcanz\u00f3 un 83.0% en comparaci\u00f3n con el 85.6% en 2024, derivado de un factor de ocupaci\u00f3n del 84.5% y 76.7% en el mercado nacional e internacional, respectivamente.<\/p>\n\n\n\n<p>Viva aument\u00f3 su capacidad total en asientos por milla disponibles (ASMs) en un 8.7% en comparaci\u00f3n con febrero de 2024. En cuanto al desglose por mercado, Viva creci\u00f3 su capacidad en un 7.4% en el mercado nacional y en un 14.2% en el internacional.<\/p>\n\n\n\n<p>\u201cEl tr\u00e1fico de febrero mostr\u00f3 un crecimiento de 9.5%, impulsado por el mercado dom\u00e9stico como del internacional. Los factores de ocupaci\u00f3n se mantuvieron en l\u00ednea con niveles normalizados observados en 2023, con mejoras constantes en los mercados internacionales. Como se mencion\u00f3 en el reporte de resultados del 2024, mantenemos una postura cautelosa ante la actual crisis de motores P&amp;W, un entorno macroecon\u00f3mico vol\u00e1til y menos din\u00e1mico, especialmente en un primer trimestre estacionalmente m\u00e1s lento\u201d, mencion\u00f3 Juan Carlos Zuazua, Director General de Viva.<\/p>\n","protected":false},"excerpt":{"rendered":"<p>Ciudad de M\u00e9xico, \u2013 Viva anunci\u00f3 sus resultados preliminares de tr\u00e1fico correspondientes a febrero de 2025, en el cual, el tr\u00e1fico de pasajeros increment\u00f3 un 9.5% comparado con febrero de 2024, alcanzando 2.1 millones de pasajeros, impulsado por un aumento del 7.9% y 24.4% en el tr\u00e1fico nacional e internacional, respectivamente. El factor de ocupaci\u00f3n [&hellip;]<\/p>\n","protected":false},"author":1,"featured_media":132328,"comment_status":"open","ping_status":"open","sticky":true,"template":"","format":"standard","meta":{"footnotes":""},"categories":[10,5],"tags":[],"_links":{"self":[{"href":"https:\/\/diariodigitalmx.com\/index.php\/wp-json\/wp\/v2\/posts\/132323"}],"collection":[{"href":"https:\/\/diariodigitalmx.com\/index.php\/wp-json\/wp\/v2\/posts"}],"about":[{"href":"https:\/\/diariodigitalmx.com\/index.php\/wp-json\/wp\/v2\/types\/post"}],"author":[{"embeddable":true,"href":"https:\/\/diariodigitalmx.com\/index.php\/wp-json\/wp\/v2\/users\/1"}],"replies":[{"embeddable":true,"href":"https:\/\/diariodigitalmx.com\/index.php\/wp-json\/wp\/v2\/comments?post=132323"}],"version-history":[{"count":1,"href":"https:\/\/diariodigitalmx.com\/index.php\/wp-json\/wp\/v2\/posts\/132323\/revisions"}],"predecessor-version":[{"id":132324,"href":"https:\/\/diariodigitalmx.com\/index.php\/wp-json\/wp\/v2\/posts\/132323\/revisions\/132324"}],"wp:featuredmedia":[{"embeddable":true,"href":"https:\/\/diariodigitalmx.com\/index.php\/wp-json\/wp\/v2\/media\/132328"}],"wp:attachment":[{"href":"https:\/\/diariodigitalmx.com\/index.php\/wp-json\/wp\/v2\/media?parent=132323"}],"wp:term":[{"taxonomy":"category","embeddable":true,"href":"https:\/\/diariodigitalmx.com\/index.php\/wp-json\/wp\/v2\/categories?post=132323"},{"taxonomy":"post_tag","embeddable":true,"href":"https:\/\/diariodigitalmx.com\/index.php\/wp-json\/wp\/v2\/tags?post=132323"}],"curies":[{"name":"wp","href":"https:\/\/api.w.org\/{rel}","templated":true}]}}