{"id":132429,"date":"2025-03-15T18:08:02","date_gmt":"2025-03-16T00:08:02","guid":{"rendered":"https:\/\/diariodigitalmx.com\/?p=132429"},"modified":"2025-03-15T18:15:51","modified_gmt":"2025-03-16T00:15:51","slug":"conquista-ballet-de-ninas-down-al-publico-en-expo-de-viajes","status":"publish","type":"post","link":"https:\/\/diariodigitalmx.com\/index.php\/2025\/03\/15\/conquista-ballet-de-ninas-down-al-publico-en-expo-de-viajes\/","title":{"rendered":"Conquista ballet de ni\u00f1as Down al p\u00fablico en Expo de Viajes"},"content":{"rendered":"\n<figure class=\"wp-block-image size-large\"><img loading=\"lazy\" decoding=\"async\" width=\"1024\" height=\"767\" src=\"https:\/\/diariodigitalmx.com\/wp-content\/uploads\/2025\/03\/IMG-20250315-WA0254-1024x767.jpg\" alt=\"\" class=\"wp-image-132432\" srcset=\"https:\/\/diariodigitalmx.com\/wp-content\/uploads\/2025\/03\/IMG-20250315-WA0254-1024x767.jpg 1024w, https:\/\/diariodigitalmx.com\/wp-content\/uploads\/2025\/03\/IMG-20250315-WA0254-300x225.jpg 300w, https:\/\/diariodigitalmx.com\/wp-content\/uploads\/2025\/03\/IMG-20250315-WA0254-768x575.jpg 768w, https:\/\/diariodigitalmx.com\/wp-content\/uploads\/2025\/03\/IMG-20250315-WA0254.jpg 1280w\" sizes=\"(max-width: 1024px) 100vw, 1024px\" \/><\/figure>\n\n\n\n<p>Al considerar que el turismo y la cultura son vitales para el desarrollo de la sociedad, la Expo VI Festival de Viajes y Aventuras 2025 inici\u00f3 los dos d\u00edas en que se realizar\u00e1 en Cintermex, con la presentaci\u00f3n del ballet inclusivo Bailando con el Coraz\u00f3n Frida Kahlo, en el que las chicas participantes son artistas especiales por tener s\u00edndrome de Down.<\/p>\n\n\n\n<p>A 6 d\u00edas de que este pr\u00f3ximo viernes 21 de marzo se celebre el D\u00eda Mundial del S\u00edndrome de Down, por as\u00ed haberlo designado en diciembre del 2011 la Asamblea General de las Naciones Unidas, el Doctor Javier del Valle Cant\u00fa, Presidente de la asociaci\u00f3n civil Bailar con el Coraz\u00f3n, destac\u00f3 el apoyo de los organizadores del Festival de Viajes y Aventuras <\/p>\n\n\n\n<figure class=\"wp-block-image size-large\"><img loading=\"lazy\" decoding=\"async\" width=\"1024\" height=\"768\" src=\"https:\/\/diariodigitalmx.com\/wp-content\/uploads\/2025\/03\/IMG-20250315-WA0253-1024x768.jpg\" alt=\"\" class=\"wp-image-132434\" srcset=\"https:\/\/diariodigitalmx.com\/wp-content\/uploads\/2025\/03\/IMG-20250315-WA0253-1024x768.jpg 1024w, https:\/\/diariodigitalmx.com\/wp-content\/uploads\/2025\/03\/IMG-20250315-WA0253-300x225.jpg 300w, https:\/\/diariodigitalmx.com\/wp-content\/uploads\/2025\/03\/IMG-20250315-WA0253-768x576.jpg 768w, https:\/\/diariodigitalmx.com\/wp-content\/uploads\/2025\/03\/IMG-20250315-WA0253.jpg 1280w\" sizes=\"(max-width: 1024px) 100vw, 1024px\" \/><\/figure>\n\n\n\n<p>(<a href=\"https:\/\/www.festivaldeviajesyaventuras.com\/\" target=\"_blank\" rel=\"noreferrer noopener\">https:\/\/www.festivaldeviajesyaventuras.com\/<\/a>) en Cintermex, a agencias de viajes y a tour operadores participantes por permitir que las bailarinas puedan tener un espacio d\u00f3nde expresar su arte, y mostrar la forma en que la danza y las expresiones art\u00edsticas contribuyen al desarrollo personal de ni\u00f1as y j\u00f3venes con capacidades diferentes.<\/p>\n\n\n\n<p>Maricela G\u00f3mez Seeman, Directora del VI Festival de Viajes y Aventuras y del Congreso Nacional de la Industria Tur\u00edstica, que se realiz\u00f3 este pasado viernes, destac\u00f3 la labor social que lleva acabo la asociaci\u00f3n Bailar con el Coraz\u00f3n para lograr a trav\u00e9s de la danza y la m\u00fasica la inclusi\u00f3n de estas j\u00f3venes en la sociedad. La organizaci\u00f3n es un centro dedicado a la rehabilitaci\u00f3n y educaci\u00f3n mediante la danza de ni\u00f1os, j\u00f3venes y adultos con discapacidad f\u00edsica y\/o intelectual.<\/p>\n\n\n\n<p>\u201cEs una gran labor que llevan a cabo, y por eso el 10% de los ingresos que se capten en el Festival ser\u00e1n donados a esta organizaci\u00f3n civil\u201d, agreg\u00f3 G\u00f3mez Seeman.<\/p>\n\n\n\n<p>Al ser Nuevo Le\u00f3n el mercado de turistas de mayor crecimiento en M\u00e9xico, empresas tur\u00edsticas, promotores y agencias especializadas, as\u00ed como gobiernos de diversas zonas del pa\u00eds,\u00a0como Aguascalientes, Zacatecas, San Luis Potos\u00ed, Los Cabos, inculso los de Nuevo Le\u00f3n, Monterrey, Guadalupe y Santa Catarina, unieron sus fuerzas y atractivos tur\u00edsticos para estimular y competir por la preferencia de los viajes de los regiomontanos, al participar este s\u00e1bado y domingo en la sexta edici\u00f3n de la expo VI Festival de Viajes y Aventura 2025 en Cintermex, donde ofrecen\u00a0sus mejores propuestas y paquetes en atractivos y servicios tur\u00edsticos para\u00a0viajes y eventos empresariales y sociales\u00a0a los regios y a visitantes de otras ciudades del norte del pa\u00eds, as\u00ed como para hacer alianzas y negocios entre los mismos expositores de distintas entidades.<\/p>\n\n\n\n<figure class=\"wp-block-gallery has-nested-images columns-default is-cropped wp-block-gallery-1 is-layout-flex wp-block-gallery-is-layout-flex\">\n<figure class=\"wp-block-image size-large\"><img loading=\"lazy\" decoding=\"async\" width=\"1024\" height=\"768\" data-id=\"132439\" src=\"https:\/\/diariodigitalmx.com\/wp-content\/uploads\/2025\/03\/IMG-20250315-WA0259-1024x768.jpg\" alt=\"\" class=\"wp-image-132439\" srcset=\"https:\/\/diariodigitalmx.com\/wp-content\/uploads\/2025\/03\/IMG-20250315-WA0259-1024x768.jpg 1024w, https:\/\/diariodigitalmx.com\/wp-content\/uploads\/2025\/03\/IMG-20250315-WA0259-300x225.jpg 300w, https:\/\/diariodigitalmx.com\/wp-content\/uploads\/2025\/03\/IMG-20250315-WA0259-768x576.jpg 768w, https:\/\/diariodigitalmx.com\/wp-content\/uploads\/2025\/03\/IMG-20250315-WA0259.jpg 1280w\" sizes=\"(max-width: 1024px) 100vw, 1024px\" \/><\/figure>\n\n\n\n<figure class=\"wp-block-image size-large\"><img loading=\"lazy\" decoding=\"async\" width=\"1024\" height=\"768\" data-id=\"132440\" src=\"https:\/\/diariodigitalmx.com\/wp-content\/uploads\/2025\/03\/IMG-20250315-WA0257-1024x768.jpg\" alt=\"\" class=\"wp-image-132440\" srcset=\"https:\/\/diariodigitalmx.com\/wp-content\/uploads\/2025\/03\/IMG-20250315-WA0257-1024x768.jpg 1024w, https:\/\/diariodigitalmx.com\/wp-content\/uploads\/2025\/03\/IMG-20250315-WA0257-300x225.jpg 300w, https:\/\/diariodigitalmx.com\/wp-content\/uploads\/2025\/03\/IMG-20250315-WA0257-768x576.jpg 768w, https:\/\/diariodigitalmx.com\/wp-content\/uploads\/2025\/03\/IMG-20250315-WA0257.jpg 1280w\" sizes=\"(max-width: 1024px) 100vw, 1024px\" \/><\/figure>\n<\/figure>\n\n\n\n<p>En esta edici\u00f3n 2025 de la Expo VI Festival de Viajes y Aventuras, participar\u00e1n el s\u00e1bado 15 y domingo 16 de marzo, destinos, agencias de viajes, hoteles, tour operadores, agencias de intercambios de estudios en el extranjero, parques tur\u00edsticos, museos, aseguradoras, transportes, universidades, gobiernos y el Observatorio<\/p>\n\n\n\n<p>Astron\u00f3mico de la UANL en Iturbide, entre otros, y se estima la asistencia de m\u00e1s de 10 mil visitantes, 30% m\u00e1s que el a\u00f1o pasado, interesados en buscar y contratar servicios para sus viajes, eventos de empresas y sociales, como bodas, entre otros. La derrama econ\u00f3mica que se espera generen la Expo y el Congreso en la Ciudad se estima en m\u00e1s de 70 millones de pesos.<\/p>\n\n\n\n<p>Adem\u00e1s de las propuestas de los diversos servicios en los stands de la expo, se realizan actividades como las presentaciones sobre los Parques Emblem\u00e1ticos del estado de Nuevo Le\u00f3n; los Pueblos M\u00e1gicos de Aguascalientes y de Zacatecas; entrevistas con personalidades de la Industria del Turismo; din\u00e1micas de concursos y premios, entre otros.<\/p>\n\n\n\n<p>G\u00f3mez Seeman, la directora de la exposici\u00f3n, destac\u00f3 la trascendencia de este encuentro de profesionales del sector tur\u00edstico nacional con el p\u00fablico en general, derivado de la alta frecuencia con la cual los regiomontanos viajan a otros destinos, as\u00ed como la demanda tur\u00edstica local, para que puedan preparar con informaci\u00f3n a detalle sus itinerarios.<\/p>\n\n\n\n<p>\u201c\u00c9sta es una plataforma que nos ayuda a crear sinergia entre todos los expositores para que los ciudadanos asistentes puedan planear de una manera m\u00e1s apropiada, y al tener las distintas opciones en un solo lugar puedan tener herramientas que los orienten mejor\u201d, a\u00f1adi\u00f3.<\/p>\n","protected":false},"excerpt":{"rendered":"<p>Al considerar que el turismo y la cultura son vitales para el desarrollo de la sociedad, la Expo VI Festival de Viajes y Aventuras 2025 inici\u00f3 los dos d\u00edas en que se realizar\u00e1 en Cintermex, con la presentaci\u00f3n del ballet inclusivo Bailando con el Coraz\u00f3n Frida Kahlo, en el que las chicas participantes son artistas [&hellip;]<\/p>\n","protected":false},"author":1,"featured_media":132431,"comment_status":"open","ping_status":"open","sticky":true,"template":"","format":"standard","meta":{"footnotes":""},"categories":[6,5],"tags":[],"_links":{"self":[{"href":"https:\/\/diariodigitalmx.com\/index.php\/wp-json\/wp\/v2\/posts\/132429"}],"collection":[{"href":"https:\/\/diariodigitalmx.com\/index.php\/wp-json\/wp\/v2\/posts"}],"about":[{"href":"https:\/\/diariodigitalmx.com\/index.php\/wp-json\/wp\/v2\/types\/post"}],"author":[{"embeddable":true,"href":"https:\/\/diariodigitalmx.com\/index.php\/wp-json\/wp\/v2\/users\/1"}],"replies":[{"embeddable":true,"href":"https:\/\/diariodigitalmx.com\/index.php\/wp-json\/wp\/v2\/comments?post=132429"}],"version-history":[{"count":3,"href":"https:\/\/diariodigitalmx.com\/index.php\/wp-json\/wp\/v2\/posts\/132429\/revisions"}],"predecessor-version":[{"id":132441,"href":"https:\/\/diariodigitalmx.com\/index.php\/wp-json\/wp\/v2\/posts\/132429\/revisions\/132441"}],"wp:featuredmedia":[{"embeddable":true,"href":"https:\/\/diariodigitalmx.com\/index.php\/wp-json\/wp\/v2\/media\/132431"}],"wp:attachment":[{"href":"https:\/\/diariodigitalmx.com\/index.php\/wp-json\/wp\/v2\/media?parent=132429"}],"wp:term":[{"taxonomy":"category","embeddable":true,"href":"https:\/\/diariodigitalmx.com\/index.php\/wp-json\/wp\/v2\/categories?post=132429"},{"taxonomy":"post_tag","embeddable":true,"href":"https:\/\/diariodigitalmx.com\/index.php\/wp-json\/wp\/v2\/tags?post=132429"}],"curies":[{"name":"wp","href":"https:\/\/api.w.org\/{rel}","templated":true}]}}