{"id":132465,"date":"2025-03-17T06:26:26","date_gmt":"2025-03-17T12:26:26","guid":{"rendered":"https:\/\/diariodigitalmx.com\/?p=132465"},"modified":"2025-03-17T06:53:17","modified_gmt":"2025-03-17T12:53:17","slug":"celebra-igualdad-e-inclusion-dia-de-la-familia-neolonesa","status":"publish","type":"post","link":"https:\/\/diariodigitalmx.com\/index.php\/2025\/03\/17\/celebra-igualdad-e-inclusion-dia-de-la-familia-neolonesa\/","title":{"rendered":"Celebra Igualdad e inclusi\u00f3n D\u00eda de la Familia Neolonesa"},"content":{"rendered":"\n<p><strong>Guadalupe, Nuevo Le\u00f3n.-<\/strong>&nbsp;Para promover las tradiciones y fortalecer los v\u00ednculos entre las familias, infancias y sus personas cuidadoras, la Secretar\u00eda de Igualdad e Inclusi\u00f3n celebr\u00f3 el D\u00eda de la Familia Neolonesa.<\/p>\n\n\n\n<p>En el Parque Tolteca, ubicado en Guadalupe se dieron cita m\u00e1s de m\u00e1s mil personas, as\u00ed como familias que son parte de los Encuentros de Desarrollo Integral y de Crianza positiva, as\u00ed como familias de los programas Jefas de Familia, Hambre Cero, Centros Comunitarios, entre otros.<\/p>\n\n\n\n<figure class=\"wp-block-image size-large\"><img loading=\"lazy\" decoding=\"async\" width=\"1024\" height=\"682\" src=\"https:\/\/diariodigitalmx.com\/wp-content\/uploads\/2025\/03\/IMG-20250316-WA0199-1024x682.jpg\" alt=\"\" class=\"wp-image-132478\" srcset=\"https:\/\/diariodigitalmx.com\/wp-content\/uploads\/2025\/03\/IMG-20250316-WA0199-1024x682.jpg 1024w, https:\/\/diariodigitalmx.com\/wp-content\/uploads\/2025\/03\/IMG-20250316-WA0199-300x200.jpg 300w, https:\/\/diariodigitalmx.com\/wp-content\/uploads\/2025\/03\/IMG-20250316-WA0199-768x512.jpg 768w, https:\/\/diariodigitalmx.com\/wp-content\/uploads\/2025\/03\/IMG-20250316-WA0199-1536x1023.jpg 1536w, https:\/\/diariodigitalmx.com\/wp-content\/uploads\/2025\/03\/IMG-20250316-WA0199.jpg 1600w\" sizes=\"(max-width: 1024px) 100vw, 1024px\" \/><\/figure>\n\n\n\n<p>Martha Herrera, titular de la Secretar\u00eda de Igualdad e Inclusi\u00f3n, destac\u00f3 que en Nuevo Le\u00f3n se&nbsp; trabaja para que cada ni\u00f1a y ni\u00f1o tenga un piso parejo con igualdad de oportunidades.<\/p>\n\n\n\n<p>\u201cAqu\u00ed estamos en esa convivencia, en ese pilar que son las familias de Nuevo Le\u00f3n que sostienen a nuestras comunidades y que lo que queremos es que sean m\u00e1s fuertes, que reconstruyamos juntos y juntas ese tejido social en todas nuestras comunidades, en todas las colonias, en todos los municipios\u201d, mencion\u00f3.<\/p>\n\n\n\n<figure class=\"wp-block-image size-large\"><img loading=\"lazy\" decoding=\"async\" width=\"1024\" height=\"682\" src=\"https:\/\/diariodigitalmx.com\/wp-content\/uploads\/2025\/03\/IMG-20250316-WA0196-1024x682.jpg\" alt=\"\" class=\"wp-image-132480\" srcset=\"https:\/\/diariodigitalmx.com\/wp-content\/uploads\/2025\/03\/IMG-20250316-WA0196-1024x682.jpg 1024w, https:\/\/diariodigitalmx.com\/wp-content\/uploads\/2025\/03\/IMG-20250316-WA0196-300x200.jpg 300w, https:\/\/diariodigitalmx.com\/wp-content\/uploads\/2025\/03\/IMG-20250316-WA0196-768x512.jpg 768w, https:\/\/diariodigitalmx.com\/wp-content\/uploads\/2025\/03\/IMG-20250316-WA0196-1536x1023.jpg 1536w, https:\/\/diariodigitalmx.com\/wp-content\/uploads\/2025\/03\/IMG-20250316-WA0196.jpg 1600w\" sizes=\"(max-width: 1024px) 100vw, 1024px\" \/><\/figure>\n\n\n\n<p>Al evento acudieron m\u00e1s de 5 mil personas, equivalente a cerca de mil 300 familias&nbsp; de Nuevo Le\u00f3n, quienes participaron en actividades para las infancias y para compartir en familia como m\u00fasica, baile, resbaladeros, granja, mercadito de expositores originarios de comunidades ind\u00edgenas, inflables, rally, toma de fotograf\u00edas, entre otras.&nbsp;<\/p>\n\n\n\n<p>La festividad fue aprobada por el Congreso del Estado en marzo de 2023 y este a\u00f1o se celebr\u00f3 con las familias neolonesas, junto con aliados como HEB, la Uni\u00f3n Neolonesa de padres de familia, organizaciones de la sociedad civil y familias de las y los colaboradores de la Secretar\u00eda de Igualdad e Inclusi\u00f3n.<\/p>\n\n\n\n<p>En el evento estuvieron presentes Araceli W. Ching Pacheco, Secretaria de Inversi\u00f3n, Desarrollo Econ\u00f3mico e Impulso al Empleo; Anelis Elizondo Mart\u00ednez, Secretaria de Bienestar de Guadalupe; Silvia Muzquiz, Secretaria de Salud, as\u00ed como Yuli Mendoza, presidenta de la Asociaci\u00f3n Neolonesa de Padres de Familia.<\/p>\n","protected":false},"excerpt":{"rendered":"<p>Guadalupe, Nuevo Le\u00f3n.-&nbsp;Para promover las tradiciones y fortalecer los v\u00ednculos entre las familias, infancias y sus personas cuidadoras, la Secretar\u00eda de Igualdad e Inclusi\u00f3n celebr\u00f3 el D\u00eda de la Familia Neolonesa. En el Parque Tolteca, ubicado en Guadalupe se dieron cita m\u00e1s de m\u00e1s mil personas, as\u00ed como familias que son parte de los Encuentros [&hellip;]<\/p>\n","protected":false},"author":1,"featured_media":132477,"comment_status":"open","ping_status":"open","sticky":true,"template":"","format":"standard","meta":{"footnotes":""},"categories":[14,6],"tags":[],"_links":{"self":[{"href":"https:\/\/diariodigitalmx.com\/index.php\/wp-json\/wp\/v2\/posts\/132465"}],"collection":[{"href":"https:\/\/diariodigitalmx.com\/index.php\/wp-json\/wp\/v2\/posts"}],"about":[{"href":"https:\/\/diariodigitalmx.com\/index.php\/wp-json\/wp\/v2\/types\/post"}],"author":[{"embeddable":true,"href":"https:\/\/diariodigitalmx.com\/index.php\/wp-json\/wp\/v2\/users\/1"}],"replies":[{"embeddable":true,"href":"https:\/\/diariodigitalmx.com\/index.php\/wp-json\/wp\/v2\/comments?post=132465"}],"version-history":[{"count":2,"href":"https:\/\/diariodigitalmx.com\/index.php\/wp-json\/wp\/v2\/posts\/132465\/revisions"}],"predecessor-version":[{"id":132481,"href":"https:\/\/diariodigitalmx.com\/index.php\/wp-json\/wp\/v2\/posts\/132465\/revisions\/132481"}],"wp:featuredmedia":[{"embeddable":true,"href":"https:\/\/diariodigitalmx.com\/index.php\/wp-json\/wp\/v2\/media\/132477"}],"wp:attachment":[{"href":"https:\/\/diariodigitalmx.com\/index.php\/wp-json\/wp\/v2\/media?parent=132465"}],"wp:term":[{"taxonomy":"category","embeddable":true,"href":"https:\/\/diariodigitalmx.com\/index.php\/wp-json\/wp\/v2\/categories?post=132465"},{"taxonomy":"post_tag","embeddable":true,"href":"https:\/\/diariodigitalmx.com\/index.php\/wp-json\/wp\/v2\/tags?post=132465"}],"curies":[{"name":"wp","href":"https:\/\/api.w.org\/{rel}","templated":true}]}}