{"id":132486,"date":"2025-03-17T07:10:01","date_gmt":"2025-03-17T13:10:01","guid":{"rendered":"https:\/\/diariodigitalmx.com\/?p=132486"},"modified":"2025-03-17T07:11:36","modified_gmt":"2025-03-17T13:11:36","slug":"invita-guadalupe-a-disfrutar-su-cielo-de-colores","status":"publish","type":"post","link":"https:\/\/diariodigitalmx.com\/index.php\/2025\/03\/17\/invita-guadalupe-a-disfrutar-su-cielo-de-colores\/","title":{"rendered":"Invita Guadalupe a disfrutar su \u2018Cielo de Colores\u2019"},"content":{"rendered":"\n<p>El Municipio de Guadalupe le apuesta a recuperar los espacios urbanos para mejorar el tejido social y muestra de ello es \u2018El Cielo de Colores\u2019 que actualmente da la bienvenida a todos los visitantes a su Plaza Principal.<\/p>\n\n\n\n<figure class=\"wp-block-image size-large\"><img loading=\"lazy\" decoding=\"async\" width=\"683\" height=\"1024\" src=\"https:\/\/diariodigitalmx.com\/wp-content\/uploads\/2025\/03\/IMG-20250316-WA0140-683x1024.jpg\" alt=\"\" class=\"wp-image-132491\" srcset=\"https:\/\/diariodigitalmx.com\/wp-content\/uploads\/2025\/03\/IMG-20250316-WA0140-683x1024.jpg 683w, https:\/\/diariodigitalmx.com\/wp-content\/uploads\/2025\/03\/IMG-20250316-WA0140-200x300.jpg 200w, https:\/\/diariodigitalmx.com\/wp-content\/uploads\/2025\/03\/IMG-20250316-WA0140-768x1152.jpg 768w, https:\/\/diariodigitalmx.com\/wp-content\/uploads\/2025\/03\/IMG-20250316-WA0140.jpg 870w\" sizes=\"(max-width: 683px) 100vw, 683px\" \/><\/figure>\n\n\n\n<p>Esta iniciativa impulsada por la regidora Marlene Vald\u00e9s se encuentra ubicada en la calle Francisco de Barbadillo, y consta de un mosaico de sombrillas multicolores que dan un rostro m\u00e1s alegre al primer cuadro de la ciudad.<\/p>\n\n\n\n<figure class=\"wp-block-image size-large\"><img loading=\"lazy\" decoding=\"async\" width=\"683\" height=\"1024\" src=\"https:\/\/diariodigitalmx.com\/wp-content\/uploads\/2025\/03\/IMG-20250316-WA0142-683x1024.jpg\" alt=\"\" class=\"wp-image-132489\" srcset=\"https:\/\/diariodigitalmx.com\/wp-content\/uploads\/2025\/03\/IMG-20250316-WA0142-683x1024.jpg 683w, https:\/\/diariodigitalmx.com\/wp-content\/uploads\/2025\/03\/IMG-20250316-WA0142-200x300.jpg 200w, https:\/\/diariodigitalmx.com\/wp-content\/uploads\/2025\/03\/IMG-20250316-WA0142-768x1152.jpg 768w, https:\/\/diariodigitalmx.com\/wp-content\/uploads\/2025\/03\/IMG-20250316-WA0142.jpg 1000w\" sizes=\"(max-width: 683px) 100vw, 683px\" \/><\/figure>\n\n\n\n<p>&#8220;Nuestro alcalde tiene una gran tarea que es reestablecer el tejido social y qu\u00e9 mejor que rehabilitando los espacios p\u00fablicos y es c\u00f3mo podemos integrar a la comunidad como vecinos, empresarios y artistas porque tambi\u00e9n va a ser un espacio cultural donde van a exponer artistas&#8221;, explic\u00f3 la regidora.<\/p>\n\n\n\n<p>Coment\u00f3 adem\u00e1s que se tiene contemplado que una persona narre la historia de la fundaci\u00f3n de Guadalupe para que los visitantes conozcan mejor los or\u00edgenes que impulsaron la grandeza de esta ciudad.<\/p>\n","protected":false},"excerpt":{"rendered":"<p>El Municipio de Guadalupe le apuesta a recuperar los espacios urbanos para mejorar el tejido social y muestra de ello es \u2018El Cielo de Colores\u2019 que actualmente da la bienvenida a todos los visitantes a su Plaza Principal. Esta iniciativa impulsada por la regidora Marlene Vald\u00e9s se encuentra ubicada en la calle Francisco de Barbadillo, [&hellip;]<\/p>\n","protected":false},"author":1,"featured_media":132488,"comment_status":"open","ping_status":"open","sticky":true,"template":"","format":"standard","meta":{"footnotes":""},"categories":[14,6],"tags":[],"_links":{"self":[{"href":"https:\/\/diariodigitalmx.com\/index.php\/wp-json\/wp\/v2\/posts\/132486"}],"collection":[{"href":"https:\/\/diariodigitalmx.com\/index.php\/wp-json\/wp\/v2\/posts"}],"about":[{"href":"https:\/\/diariodigitalmx.com\/index.php\/wp-json\/wp\/v2\/types\/post"}],"author":[{"embeddable":true,"href":"https:\/\/diariodigitalmx.com\/index.php\/wp-json\/wp\/v2\/users\/1"}],"replies":[{"embeddable":true,"href":"https:\/\/diariodigitalmx.com\/index.php\/wp-json\/wp\/v2\/comments?post=132486"}],"version-history":[{"count":2,"href":"https:\/\/diariodigitalmx.com\/index.php\/wp-json\/wp\/v2\/posts\/132486\/revisions"}],"predecessor-version":[{"id":132492,"href":"https:\/\/diariodigitalmx.com\/index.php\/wp-json\/wp\/v2\/posts\/132486\/revisions\/132492"}],"wp:featuredmedia":[{"embeddable":true,"href":"https:\/\/diariodigitalmx.com\/index.php\/wp-json\/wp\/v2\/media\/132488"}],"wp:attachment":[{"href":"https:\/\/diariodigitalmx.com\/index.php\/wp-json\/wp\/v2\/media?parent=132486"}],"wp:term":[{"taxonomy":"category","embeddable":true,"href":"https:\/\/diariodigitalmx.com\/index.php\/wp-json\/wp\/v2\/categories?post=132486"},{"taxonomy":"post_tag","embeddable":true,"href":"https:\/\/diariodigitalmx.com\/index.php\/wp-json\/wp\/v2\/tags?post=132486"}],"curies":[{"name":"wp","href":"https:\/\/api.w.org\/{rel}","templated":true}]}}