{"id":132493,"date":"2025-03-17T22:18:04","date_gmt":"2025-03-18T04:18:04","guid":{"rendered":"https:\/\/diariodigitalmx.com\/?p=132493"},"modified":"2025-03-17T22:27:46","modified_gmt":"2025-03-18T04:27:46","slug":"recuento-mas-de-1600-incendios-y-pronosticos-de-polvo-que-contamina-aire-en-monterrey","status":"publish","type":"post","link":"https:\/\/diariodigitalmx.com\/index.php\/2025\/03\/17\/recuento-mas-de-1600-incendios-y-pronosticos-de-polvo-que-contamina-aire-en-monterrey\/","title":{"rendered":"Recuento: m\u00e1s de 1600 incendios y pron\u00f3sticos de polvo que contamina aire en Monterrey"},"content":{"rendered":"\n<p>Monterrey. &#8211;&nbsp; En seis d\u00edas en Nuevo Le\u00f3n, principalmente en la zona metropolitana regiomontana se han registrado mil 613 incendios, report\u00f3&nbsp; la Agencia&nbsp; de Calidad del Aire, mientras se mantiene la alerta de llegada de m\u00e1s polvo a la ciudad, lo que agrava la contaminaci\u00f3n.<\/p>\n\n\n\n<p>La gran mayor\u00eda de esos incendios han sido en lotes bald\u00edos, lo que eleva las emisiones contaminantes con el humo.<\/p>\n\n\n\n<p>Apenas el fin de semana se report\u00f3 el incendio en dos sucursales del establecimiento Pollo Loco.<\/p>\n\n\n\n<figure class=\"wp-block-image size-full\"><img loading=\"lazy\" decoding=\"async\" width=\"720\" height=\"480\" src=\"https:\/\/diariodigitalmx.com\/wp-content\/uploads\/2025\/03\/FB_IMG_1742237046426.jpg\" alt=\"\" class=\"wp-image-132503\" srcset=\"https:\/\/diariodigitalmx.com\/wp-content\/uploads\/2025\/03\/FB_IMG_1742237046426.jpg 720w, https:\/\/diariodigitalmx.com\/wp-content\/uploads\/2025\/03\/FB_IMG_1742237046426-300x200.jpg 300w\" sizes=\"(max-width: 720px) 100vw, 720px\" \/><\/figure>\n\n\n\n<p>De acuerdo a Armandina Valdez, directora de la Agencia de Calidad del Aire, se han presentado ante la Fiscal\u00eda de Justicia y a trav\u00e9s de&nbsp;&nbsp;la Procuradur\u00eda Ambiental, 46 querellas derivadas de los incendios, cuyos or\u00edgenes son investigados ya.<\/p>\n\n\n\n<p>RESCATAN ANIMALES DIVERSOS<\/p>\n\n\n\n<p>Ante estos incendios tambi\u00e9n se han rescatado decenas de mascotas como perros, gatos, gallinas y hasta un caballo, revel\u00f3&nbsp; Protecci\u00f3n Civil estatal.<\/p>\n\n\n\n<p>&#8220;En el lugar fueron rescatados por elementos de Protecci\u00f3n Civil Nuevo Le\u00f3n varios gatitos, perritos, gallos y se logr\u00f3 poner a salvo a un caballo, todos los animalitos recibieron atenciones m\u00e9dicas en el lugar&#8221;, coment\u00f3 la dependencia en sus redes sociales.<\/p>\n\n\n\n<figure class=\"wp-block-image size-full\"><img loading=\"lazy\" decoding=\"async\" width=\"720\" height=\"403\" src=\"https:\/\/diariodigitalmx.com\/wp-content\/uploads\/2025\/03\/FB_IMG_1742237008023.jpg\" alt=\"\" class=\"wp-image-132504\" srcset=\"https:\/\/diariodigitalmx.com\/wp-content\/uploads\/2025\/03\/FB_IMG_1742237008023.jpg 720w, https:\/\/diariodigitalmx.com\/wp-content\/uploads\/2025\/03\/FB_IMG_1742237008023-300x168.jpg 300w\" sizes=\"(max-width: 720px) 100vw, 720px\" \/><\/figure>\n\n\n\n<p>D\u00d3NDE FUERON LOS INCENDIOS<\/p>\n\n\n\n<p>El reporte de la Agencia de Calidad del Aire,&nbsp; el municipio de Ju\u00e1rez&nbsp; tuvo el mayor n\u00famero de incendios, con 254, seguido de Santa Catarina, con 199; Garc\u00eda, 189;&nbsp; Monterrey, 187; Escobedo,&nbsp; 157; Guadalupe, 139, y Apodaca, 134.<\/p>\n\n\n\n<p>Los siniestros fueron mil 317 en lotes bald\u00edos; en casas-habitaci\u00f3n, 127; em comercios-f\u00e1bricas, 42; veh\u00edculos, 72, y forestales, 25.<\/p>\n\n\n\n<p>PRONOSTICAN MAS POLVO<\/p>\n\n\n\n<p>La agencia tambi\u00e9n alert\u00f3 sobre la llegada de m\u00e1s&nbsp;<strong>polvo&nbsp;<\/strong>a la Ciudad durante esta semana, y que, puede afectar la&nbsp;<strong>calidad del aire<\/strong>, adem\u00e1s de que, se esperan fuertes rachas de vientos, principalmente el pr\u00f3ximo jueves, por la entrada de un nuevo frente fr\u00edo.<\/p>\n\n\n\n<p>&#8220;Sigue entrando polvo, estamos hablando aqu\u00ed de que esta situaci\u00f3n se va a mantener, vamos a seguir teniendo el transporte de todo este polvo&#8221;, dijo Armandina Valdez al regirse a las emisiones que llegan de Coahuila&nbsp; y el sur de Texas.<\/p>\n\n\n\n<p>Valdez inform\u00f3 que continuar\u00e1 una capa&nbsp;amarillenta en el ambiente.<\/p>\n","protected":false},"excerpt":{"rendered":"<p>Monterrey. &#8211;&nbsp; En seis d\u00edas en Nuevo Le\u00f3n, principalmente en la zona metropolitana regiomontana se han registrado mil 613 incendios, report\u00f3&nbsp; la Agencia&nbsp; de Calidad del Aire, mientras se mantiene la alerta de llegada de m\u00e1s polvo a la ciudad, lo que agrava la contaminaci\u00f3n. La gran mayor\u00eda de esos incendios han sido en lotes [&hellip;]<\/p>\n","protected":false},"author":1,"featured_media":132501,"comment_status":"open","ping_status":"open","sticky":true,"template":"","format":"standard","meta":{"footnotes":""},"categories":[6,3,5],"tags":[],"_links":{"self":[{"href":"https:\/\/diariodigitalmx.com\/index.php\/wp-json\/wp\/v2\/posts\/132493"}],"collection":[{"href":"https:\/\/diariodigitalmx.com\/index.php\/wp-json\/wp\/v2\/posts"}],"about":[{"href":"https:\/\/diariodigitalmx.com\/index.php\/wp-json\/wp\/v2\/types\/post"}],"author":[{"embeddable":true,"href":"https:\/\/diariodigitalmx.com\/index.php\/wp-json\/wp\/v2\/users\/1"}],"replies":[{"embeddable":true,"href":"https:\/\/diariodigitalmx.com\/index.php\/wp-json\/wp\/v2\/comments?post=132493"}],"version-history":[{"count":2,"href":"https:\/\/diariodigitalmx.com\/index.php\/wp-json\/wp\/v2\/posts\/132493\/revisions"}],"predecessor-version":[{"id":132505,"href":"https:\/\/diariodigitalmx.com\/index.php\/wp-json\/wp\/v2\/posts\/132493\/revisions\/132505"}],"wp:featuredmedia":[{"embeddable":true,"href":"https:\/\/diariodigitalmx.com\/index.php\/wp-json\/wp\/v2\/media\/132501"}],"wp:attachment":[{"href":"https:\/\/diariodigitalmx.com\/index.php\/wp-json\/wp\/v2\/media?parent=132493"}],"wp:term":[{"taxonomy":"category","embeddable":true,"href":"https:\/\/diariodigitalmx.com\/index.php\/wp-json\/wp\/v2\/categories?post=132493"},{"taxonomy":"post_tag","embeddable":true,"href":"https:\/\/diariodigitalmx.com\/index.php\/wp-json\/wp\/v2\/tags?post=132493"}],"curies":[{"name":"wp","href":"https:\/\/api.w.org\/{rel}","templated":true}]}}