{"id":132513,"date":"2025-03-18T08:21:58","date_gmt":"2025-03-18T14:21:58","guid":{"rendered":"https:\/\/diariodigitalmx.com\/?p=132513"},"modified":"2025-03-18T08:31:03","modified_gmt":"2025-03-18T14:31:03","slug":"contaminacion-de-todo-tipo","status":"publish","type":"post","link":"https:\/\/diariodigitalmx.com\/index.php\/2025\/03\/18\/contaminacion-de-todo-tipo\/","title":{"rendered":"Contaminaci\u00f3n de todo tipo"},"content":{"rendered":"\n<p>Ra\u00fal Guajardo Cant\u00fa <\/p>\n\n\n\n<p>Ahora que la \u201cnata\u201d que puede observarse en el ambiente del \u00e1rea metropolitana de Monterrey puede achacarse a la tormenta de polvo que proviene de Texas, conviene reflexionar acerca de la otra contaminaci\u00f3n que padecemos&nbsp; en Nuevo Le\u00f3n.<\/p>\n\n\n\n<p>Ya hablamos la semana pasada c\u00f3mo el tema propiamente de la contaminaci\u00f3n ambiental se mezcla con factores econ\u00f3micos y pol\u00edticos y quiere reducirse a la poluci\u00f3n provocada por los veh\u00edculos automotores, cuando en realidad las causas son varias, entre ellas las industrias ubicadas en el AMM, incluyendo por supuesto a la refiner\u00eda de Cadereyta, la cual desde hace tiempo ha sido exculpada por las autoridades federales, en tanto que las estatales intentan no caer en conflictos con ellas y los partidos opositores tratan de ubicar ah\u00ed todo lo que respecta a este tema.<\/p>\n\n\n\n<p>Pensemos en la contaminaci\u00f3n pol\u00edtica en la cual tenemos que desenvolvernos d\u00eda tras d\u00eda, una poluci\u00f3n que afecta a todo el quehacer de las autoridades de todos los niveles.<\/p>\n\n\n\n<p>\u00bfLe parece a usted que los temas que tocan los diputados emanados de todos los partidos pol\u00edticos est\u00e1n motivados por intereses que provienen no solo del bien com\u00fan? A nosotros tambi\u00e9n, ya hasta nos resulta normal que la funci\u00f3n de los diputados sea la del golpeteo en contra de los adversarios, cuando en realidad los legisladores deber\u00edan estar en la b\u00fasqueda de las mejores condiciones del pacto social.<\/p>\n\n\n\n<p>Y \u00bfqu\u00e9 podemos decir de los alcaldes?, \u00bfser\u00e1n sus actos fruto de la reflexi\u00f3n pol\u00edtica y la b\u00fasqueda de cumplir con las funciones que la constituci\u00f3n les asigna? Si es as\u00ed, \u00bfser\u00e1 que tambi\u00e9n el transporte p\u00fablico deber\u00eda ser responsabilidad de cada alcalde?<\/p>\n\n\n\n<p>No resulta f\u00e1cil abstraerse de un entorno que todo lo vuelve pol\u00edtico partidista cuando s\u00ed deber\u00eda ser pol\u00edtico, pero refiri\u00e9ndonos a pol\u00edticas p\u00fablicas dedicadas a la b\u00fasqueda de las mejores condiciones de vida para el mayor n\u00famero de ciudadanos.<\/p>\n\n\n\n<p>Las autoridades federales representadas en la entidad no escapan, por desgracia, a esta l\u00f3gica, para ellas parece que el tema de la Refiner\u00eda de Cadereyta es tab\u00fa, sin importar que los pulmones de los nuevoleoneses resientan los efectos de las emisiones de esa planta y la mala calidad de las gasolinas que distribuye, distintas a las que se manda a otras entidades.<\/p>\n\n\n\n<p>Ni hablar de la forma en que se est\u00e1 manejando el tema del agua para consumo humano en el estado por parte de esas autoridades, que aunque tienen facultades para autorizar el trasvase a Tamaulipas, parece que no tienen como prioridad que el vital l\u00edquido llegue a los habitantes del estado.<\/p>\n\n\n\n<p>El gobierno estatal no escapa a esta din\u00e1mica, de hecho se ha montado en ella todos los d\u00edas desde el momento en que inici\u00f3 la actual administraci\u00f3n y ah\u00ed sigue como si todo su objetivo fuese dar una determinada imagen.<\/p>\n\n\n\n<p>C\u00f3mo estar\u00e1 el asunto que hasta un cambio en el nombre de una presa se politiza y el gobernador, ante la posibilidad del albur debido al nombre propuesto tiene que comentar \u00a1y no es broma!<\/p>\n\n\n\n<p>Parece que en Nuevo Le\u00f3n la contaminaci\u00f3n ya rebas\u00f3 todos los l\u00edmites<\/p>\n","protected":false},"excerpt":{"rendered":"<p>Ra\u00fal Guajardo Cant\u00fa Ahora que la \u201cnata\u201d que puede observarse en el ambiente del \u00e1rea metropolitana de Monterrey puede achacarse a la tormenta de polvo que proviene de Texas, conviene reflexionar acerca de la otra contaminaci\u00f3n que padecemos&nbsp; en Nuevo Le\u00f3n. Ya hablamos la semana pasada c\u00f3mo el tema propiamente de la contaminaci\u00f3n ambiental se [&hellip;]<\/p>\n","protected":false},"author":1,"featured_media":132521,"comment_status":"open","ping_status":"open","sticky":true,"template":"","format":"standard","meta":{"footnotes":""},"categories":[14,12],"tags":[],"_links":{"self":[{"href":"https:\/\/diariodigitalmx.com\/index.php\/wp-json\/wp\/v2\/posts\/132513"}],"collection":[{"href":"https:\/\/diariodigitalmx.com\/index.php\/wp-json\/wp\/v2\/posts"}],"about":[{"href":"https:\/\/diariodigitalmx.com\/index.php\/wp-json\/wp\/v2\/types\/post"}],"author":[{"embeddable":true,"href":"https:\/\/diariodigitalmx.com\/index.php\/wp-json\/wp\/v2\/users\/1"}],"replies":[{"embeddable":true,"href":"https:\/\/diariodigitalmx.com\/index.php\/wp-json\/wp\/v2\/comments?post=132513"}],"version-history":[{"count":1,"href":"https:\/\/diariodigitalmx.com\/index.php\/wp-json\/wp\/v2\/posts\/132513\/revisions"}],"predecessor-version":[{"id":132514,"href":"https:\/\/diariodigitalmx.com\/index.php\/wp-json\/wp\/v2\/posts\/132513\/revisions\/132514"}],"wp:featuredmedia":[{"embeddable":true,"href":"https:\/\/diariodigitalmx.com\/index.php\/wp-json\/wp\/v2\/media\/132521"}],"wp:attachment":[{"href":"https:\/\/diariodigitalmx.com\/index.php\/wp-json\/wp\/v2\/media?parent=132513"}],"wp:term":[{"taxonomy":"category","embeddable":true,"href":"https:\/\/diariodigitalmx.com\/index.php\/wp-json\/wp\/v2\/categories?post=132513"},{"taxonomy":"post_tag","embeddable":true,"href":"https:\/\/diariodigitalmx.com\/index.php\/wp-json\/wp\/v2\/tags?post=132513"}],"curies":[{"name":"wp","href":"https:\/\/api.w.org\/{rel}","templated":true}]}}