{"id":132515,"date":"2025-03-18T08:25:17","date_gmt":"2025-03-18T14:25:17","guid":{"rendered":"https:\/\/diariodigitalmx.com\/?p=132515"},"modified":"2025-03-18T08:32:52","modified_gmt":"2025-03-18T14:32:52","slug":"abuso-y-violencia-en-escuelas","status":"publish","type":"post","link":"https:\/\/diariodigitalmx.com\/index.php\/2025\/03\/18\/abuso-y-violencia-en-escuelas\/","title":{"rendered":"Abuso y violencia en escuelas"},"content":{"rendered":"\n<p>Luz Mar\u00eda Ortiz Quintos<\/p>\n\n\n\n<p>Gran indignaci\u00f3n sentimos padres de familia y estudiantes adolescentes, por los recientes hechos ocurridos en escuelas de Nuevo Le\u00f3n la semana pasada. Por un lado, en una preparatoria p\u00fablica ocurri\u00f3 una pelea a golpes entre varios estudiantes; al parecer las peleas f\u00edsicas se est\u00e1n viendo con mayor frecuencia en las diferentes escuelas tanto p\u00fablicas como particulares. Por el otro lado, existe el caso de una preparatoria particular en la que se presume de acuerdo a las denuncias de los estudiantes de la prepa en cuesti\u00f3n, se realiz\u00f3 un abuso sexual grupal en contra de un compa\u00f1ero con discapacidad.<\/p>\n\n\n\n<p>Estos hechos han rebasado la seguridad de los j\u00f3venes, tanto del sistema p\u00fablico, como del privado.<\/p>\n\n\n\n<p>Los casos que estamos viendo, de abuso, violencia y el riesgo a su integridad f\u00edsica y psicol\u00f3gica, cada vez est\u00e1n siendo m\u00e1s frecuentes, y esto est\u00e1 sucediendo en todos los niveles de educaci\u00f3n.<\/p>\n\n\n\n<p>En pre escolar, hemos conocido sobre abusos a menores. En primaria, en secundaria y en prepa vemos los casos de las peleas, introducci\u00f3n de armas, pero lo del recientemente abuso sexual al joven con discapacidad, en el interior de la escuela en donde estudian, \u00e9l y sus compa\u00f1eros, exhibe a\u00fan m\u00e1s la falta de seguridad, en el interior de las escuelas<\/p>\n\n\n\n<p>Podemos concluir que, la falta de educaci\u00f3n hacia las nuevas generaciones, la falta de comunicaci\u00f3n, disciplina y en muchas ocasiones tiempo para conversar y convivir en las familias, entre padres e hijos, est\u00e1 ocasionando este tipo de situaciones; abusos, violencias muy lamentables.<\/p>\n\n\n\n<p>Los valores en la educaci\u00f3n, como el respeto, la paz, la tolerancia son las grandes \u00e1reas de oportunidad en las nuevas generaciones, as\u00ed como l\u00edmites y responsabilidades, que los menores de edad requieren para su formaci\u00f3n.<\/p>\n\n\n\n<p>En la actualidad, los padres de familia se encuentran absortos en sus problemas del d\u00eda a d\u00eda, se olvidan de lo m\u00e1s importante; educar y cuidar el comportamiento de sus hijos.<\/p>\n\n\n\n<p>As\u00ed como, por otra parte, ahora los menores conocen tantos derechos, y cero obligaciones, por lo que en algunos casos los padres, viven con temor a que los hijos se traumen, se frustren o se enojen, por ponerles limites, y reglas para cuidar su persona, tener una buena disciplina, as\u00ed como el respeto y cuidado de los dem\u00e1s.<\/p>\n","protected":false},"excerpt":{"rendered":"<p>Luz Mar\u00eda Ortiz Quintos Gran indignaci\u00f3n sentimos padres de familia y estudiantes adolescentes, por los recientes hechos ocurridos en escuelas de Nuevo Le\u00f3n la semana pasada. Por un lado, en una preparatoria p\u00fablica ocurri\u00f3 una pelea a golpes entre varios estudiantes; al parecer las peleas f\u00edsicas se est\u00e1n viendo con mayor frecuencia en las diferentes [&hellip;]<\/p>\n","protected":false},"author":1,"featured_media":132522,"comment_status":"open","ping_status":"open","sticky":true,"template":"","format":"standard","meta":{"footnotes":""},"categories":[12,5],"tags":[],"_links":{"self":[{"href":"https:\/\/diariodigitalmx.com\/index.php\/wp-json\/wp\/v2\/posts\/132515"}],"collection":[{"href":"https:\/\/diariodigitalmx.com\/index.php\/wp-json\/wp\/v2\/posts"}],"about":[{"href":"https:\/\/diariodigitalmx.com\/index.php\/wp-json\/wp\/v2\/types\/post"}],"author":[{"embeddable":true,"href":"https:\/\/diariodigitalmx.com\/index.php\/wp-json\/wp\/v2\/users\/1"}],"replies":[{"embeddable":true,"href":"https:\/\/diariodigitalmx.com\/index.php\/wp-json\/wp\/v2\/comments?post=132515"}],"version-history":[{"count":1,"href":"https:\/\/diariodigitalmx.com\/index.php\/wp-json\/wp\/v2\/posts\/132515\/revisions"}],"predecessor-version":[{"id":132516,"href":"https:\/\/diariodigitalmx.com\/index.php\/wp-json\/wp\/v2\/posts\/132515\/revisions\/132516"}],"wp:featuredmedia":[{"embeddable":true,"href":"https:\/\/diariodigitalmx.com\/index.php\/wp-json\/wp\/v2\/media\/132522"}],"wp:attachment":[{"href":"https:\/\/diariodigitalmx.com\/index.php\/wp-json\/wp\/v2\/media?parent=132515"}],"wp:term":[{"taxonomy":"category","embeddable":true,"href":"https:\/\/diariodigitalmx.com\/index.php\/wp-json\/wp\/v2\/categories?post=132515"},{"taxonomy":"post_tag","embeddable":true,"href":"https:\/\/diariodigitalmx.com\/index.php\/wp-json\/wp\/v2\/tags?post=132515"}],"curies":[{"name":"wp","href":"https:\/\/api.w.org\/{rel}","templated":true}]}}