{"id":132607,"date":"2025-03-19T09:13:08","date_gmt":"2025-03-19T15:13:08","guid":{"rendered":"https:\/\/diariodigitalmx.com\/?p=132607"},"modified":"2025-03-19T09:14:03","modified_gmt":"2025-03-19T15:14:03","slug":"recordando-a-don-jesus","status":"publish","type":"post","link":"https:\/\/diariodigitalmx.com\/index.php\/2025\/03\/19\/recordando-a-don-jesus\/","title":{"rendered":"Recordando a don Jes\u00fas"},"content":{"rendered":"\n<p>Abel Moreno L\u00f3pez<\/p>\n\n\n\n<p>El 19 de marzo de 1985 muri\u00f3 don Jes\u00fas Reyes Heroles, pol\u00edtico, ide\u00f3logo, impulsor de la democracia&#8230; en ese momento, titular de la Secretar\u00eda de Educaci\u00f3n P\u00fablica, a quien en esta fecha recordamos por sus importantes aportaciones como servidor p\u00fablico y como dirigente pol\u00edtico&#8230;&nbsp;<\/p>\n\n\n\n<p>Fue personaje imprescindible del proceso de reforma pol\u00edtica. Su aportaci\u00f3n ideol\u00f3gica y su pensamiento cr\u00edtico en lo general siguen teniendo vigencia.<\/p>\n\n\n\n<p>&nbsp;Dirigi\u00f3 el comit\u00e9 nacional del PRI entre 1972 y 1975, correspondi\u00e9ndole entre otros aspectos promover la creaci\u00f3n de las organizaciones de j\u00f3venes y mujeres revolucionarias y dar un gran impulso al Instituto de Capacitaci\u00f3n Pol\u00edtica.<\/p>\n\n\n\n<p>&nbsp;En 1973 form\u00e9 parte de la tercera generaci\u00f3n del ICAP en la ciudad de M\u00e9xico y por lo tanto no fue dif\u00edcil iniciar el seguimiento y la lectura del discurso reyesheroliano.<\/p>\n\n\n\n<p>&nbsp;No abundar\u00e9 hoy con m\u00e1s informaci\u00f3n sobre su trayectoria, porque estimo muy importante reencontrarnos con aspectos de su mensaje y para ello aqu\u00ed quedan estas perlas de su sabidur\u00eda, verdaderas ense\u00f1anzas para comprender mejor el ser y quehacer de la pol\u00edtica\u2026<\/p>\n\n\n\n<p>&nbsp;\u201cLa pol\u00edtica demanda pasi\u00f3n, pero, a la par, mesura, sosiego interno, dominio de s\u00ed mismo, para no intentar dominar a otro u otros; aspirar a dominar las cosas y no a los hombres.<\/p>\n\n\n\n<p>Sin pol\u00edtica se pueden hacer muchas cosas, pero gobernar, en el poder o en la oposici\u00f3n, es imposible.<\/p>\n\n\n\n<p>&nbsp;Acrecentemos el caudal que nos une y respetemos los modos de pensar contrarios al nuestro, para que \u00e9ste tambi\u00e9n sea respetado.<\/p>\n\n\n\n<p>&nbsp;Algunos confunden la democracia con el despotismo de los muchos. Para otros la democracia es un concepto seco y formal en que hoy los pueblos ya no creen.<\/p>\n\n\n\n<p>&nbsp;Creemos en el valor y la eficacia de la pol\u00edtica. Ella es tan limpia que ni los pol\u00edticos sucios logran mancharla; ella es tan grande que ni los pol\u00edticos peque\u00f1os logran empeque\u00f1ecerla.<\/p>\n\n\n\n<p>&nbsp;El enga\u00f1o en pol\u00edtica es tan dif\u00edcil de ocultar como la verdad.<\/p>\n\n\n\n<p>&nbsp;El partido postula candidatos, \u00fanicamente el pueblo elige diputados y el tiempo dir\u00e1 si fueron o no legisladores.<\/p>\n\n\n\n<p>&nbsp;El pol\u00edtico debe estar conducido por la lealtad a las ideas que profesa, a las instituciones en que cree, a los hombres que en \u00e9l conf\u00edan.<\/p>\n\n\n\n<p>&nbsp;En pol\u00edtica la l\u00ednea recta casi nunca es la m\u00e1s cercana entre dos puntos.<\/p>\n\n\n\n<p>&nbsp;En pol\u00edtica lo importante es convencer, persuadir, no improvisar.<\/p>\n\n\n\n<p>&nbsp;En pol\u00edtica siempre se elige entre inconvenientes.<\/p>\n\n\n\n<p>&nbsp;En un pa\u00eds democr\u00e1tico, si las realidades cambian, cambia el derecho; pero tambi\u00e9n, mediante el derecho, se cambian las realidades.<\/p>\n\n\n\n<p>&nbsp;Es m\u00e1s f\u00e1cil ser dogm\u00e1tico que negociador, ser intolerante que tolerante; es m\u00e1s f\u00e1cil dividir que juntar.<\/p>\n\n\n\n<p>&nbsp;Es precisamente por la existencia de los problemas por lo que los hombres estamos obligados a hacer pol\u00edtica.<\/p>\n\n\n\n<p>&nbsp;Flotar no es gobernar.<\/p>\n\n\n\n<p>&nbsp;Hay quienes espor\u00e1dicamente intervienen en la pol\u00edtica con \u00e1nimo de hacer una buena inversi\u00f3n econ\u00f3mica. Intentan con estas intermitentes incursiones no s\u00f3lo recuperar lo que consideran su inversi\u00f3n, sino multiplicarla de tal manera que produzca los m\u00e1s altos dividendos posibles en el mundo. Ni los negocios deben llevar a la pol\u00edtica, ni la pol\u00edtica a los negocios. La mezcolanza es hiriente.<\/p>\n\n\n\n<p>Juventud y vejez, no son categor\u00edas biol\u00f3gicas, sino categor\u00edas espirituales.<\/p>\n\n\n\n<p>&nbsp;La juventud es un estado an\u00edmico. Para ser joven o viejo la edad no cuenta; es m\u00e1s, para ser joven cabal se requieren con frecuencia muchos a\u00f1os.<\/p>\n\n\n\n<p>&nbsp;La oscuridad de una sola idea o la falta de ideas produce ofuscaci\u00f3n; la luz del enfrentamiento de ideas, de su lucha, no deslumbra, ilumina.<\/p>\n\n\n\n<p>&nbsp;La pol\u00edtica es demasiado seria para que sus acciones sean determinadas por el temperamento y la emoci\u00f3n, al margen de la cabeza. Sin emplear la cabeza muchas cosas se pueden hacer, pero no pol\u00edtica.<\/p>\n\n\n\n<p>&nbsp;La pol\u00edtica es t\u00e9cnica de aproximaci\u00f3n, no ciencia exacta.<\/p>\n\n\n\n<p>La urbanidad en las relaciones pol\u00edticas es requisito para la convivencia pac\u00edfica.<\/p>\n\n\n\n<p>&nbsp;Los negocios no se compadecen con la pol\u00edtica. Los hombres de negocios y los pol\u00edticos ni deben confundirse ni, menos, caer en la doble funci\u00f3n. Los \u00fanicos negocios que a los pol\u00edticos o funcionarios nos deben interesar son los negocios p\u00fablicos. Los negociantes, que se ocupen de los negocios privados.<\/p>\n\n\n\n<p>&nbsp;Nada ense\u00f1a m\u00e1s que una revoluci\u00f3n. De ella provenimos, en ella nos inspiramos y de ella seguimos aprendiendo.<\/p>\n\n\n\n<p>&nbsp;No olvidemos que nunca hay ausencia de poder. El poder que pierde el Estado, un partido, una clase o un grupo, lo obtienen casi autom\u00e1ticamente otros grupos, partidos o clases.<\/p>\n\n\n\n<p>&nbsp;No pueden vencer aquellos incapaces de convencer.<\/p>\n\n\n\n<p>&nbsp;No queremos luchar con el viento, con el aire; lo que resiste apoya. Requerimos una sana resistencia que nos apoye en el avance pol\u00edtico de M\u00e9xico.<\/p>\n\n\n\n<p>&nbsp;Oponerse, inhibirse o temer a los cambios, ser\u00e1 ignorar que toda \u00e9poca es, en el fondo, \u00e9poca de transici\u00f3n, puente entre lo que tiende a acabarse y aquello que est\u00e1 naciendo, que tiende a surgir.<\/p>\n\n\n\n<p>&nbsp;Para ser legislador se requiere ser pol\u00edtico. Nuestros diputados tienen la funci\u00f3n pr\u00e1ctica y tradicional del actuar como gestores del pueblo, como verdaderos procuradores de los pueblos, procurar el peque\u00f1o y limitado bien de las colectividades, las circunscripciones territoriales a trav\u00e9s de las cuales la voluntad se expresa y exige con avidez.<\/p>\n\n\n\n<p>Problema que se soslaya, estalla.<\/p>\n\n\n\n<p>&nbsp;Puerta abierta para que se vayan los oportunistas, mal que sufre cualquier partido.<\/p>\n\n\n\n<p>Quienes no conservan algo del pasado, dif\u00edcilmente construyen algo para el futuro.<\/p>\n\n\n\n<p>&nbsp;En pol\u00edtica, se avanza, no se brinca.<\/p>\n\n\n\n<p>&nbsp;Se puede ser pol\u00edtico sin dominar todos los apetitos; pero no se debe ser pol\u00edtico sin dominar, vencer, el apetito de la riqueza.<\/p>\n\n\n\n<p>Seremos inflexibles en la defensa de las ideas, pero respetuosos en las formas, pues en pol\u00edtica, frecuentemente, la forma es fondo.<\/p>\n\n\n\n<p>&nbsp;Tan importante es la meta, el destino, como la ruta, el camino.<\/p>\n\n\n\n<p>&nbsp;Una sociedad s\u00f3lo conserva en la medida en que puede cambiar, pero, a la vez, una sociedad s\u00f3lo cambia en la medida que puede conservar.<\/p>\n\n\n\n<p>&nbsp;En pol\u00edtica lo que por el elevador sube, por el elevador baja.<\/p>\n\n\n\n<p>&nbsp;Para ejercer con vocaci\u00f3n y acertadamente la actividad pol\u00edtica se requieren las tres ces: coraz\u00f3n, cabeza y car\u00e1cter. Coraz\u00f3n para sentir los problemas colectivos como si fueran propios, para convertirlos en metas vitales; cabeza para, con frialdad y serenidad, eludir obst\u00e1culos y vencer resistencias, calcular riesgos, sobre todo riesgos de la colectividad en la que se influye, y car\u00e1cter para no intimidarse ante las incomprensiones, los ataques y las maniobras, para no ausentarse ante los problemas y, menos, ante las soluciones exigidas por los mismos problemas.\u201d<\/p>\n\n\n\n<p>&nbsp;Los discursos pol\u00edticos de Jes\u00fas Reyes Heroles, siguen siendo hoy una valiosa ense\u00f1anza y una permanente invitaci\u00f3n a la reflexi\u00f3n y la autocr\u00edtica&#8230; Hasta la pr\u00f3xima\u2026<\/p>\n","protected":false},"excerpt":{"rendered":"<p>Abel Moreno L\u00f3pez El 19 de marzo de 1985 muri\u00f3 don Jes\u00fas Reyes Heroles, pol\u00edtico, ide\u00f3logo, impulsor de la democracia&#8230; en ese momento, titular de la Secretar\u00eda de Educaci\u00f3n P\u00fablica, a quien en esta fecha recordamos por sus importantes aportaciones como servidor p\u00fablico y como dirigente pol\u00edtico&#8230;&nbsp; Fue personaje imprescindible del proceso de reforma pol\u00edtica. [&hellip;]<\/p>\n","protected":false},"author":1,"featured_media":132609,"comment_status":"open","ping_status":"open","sticky":true,"template":"","format":"standard","meta":{"footnotes":""},"categories":[14,12],"tags":[],"_links":{"self":[{"href":"https:\/\/diariodigitalmx.com\/index.php\/wp-json\/wp\/v2\/posts\/132607"}],"collection":[{"href":"https:\/\/diariodigitalmx.com\/index.php\/wp-json\/wp\/v2\/posts"}],"about":[{"href":"https:\/\/diariodigitalmx.com\/index.php\/wp-json\/wp\/v2\/types\/post"}],"author":[{"embeddable":true,"href":"https:\/\/diariodigitalmx.com\/index.php\/wp-json\/wp\/v2\/users\/1"}],"replies":[{"embeddable":true,"href":"https:\/\/diariodigitalmx.com\/index.php\/wp-json\/wp\/v2\/comments?post=132607"}],"version-history":[{"count":1,"href":"https:\/\/diariodigitalmx.com\/index.php\/wp-json\/wp\/v2\/posts\/132607\/revisions"}],"predecessor-version":[{"id":132608,"href":"https:\/\/diariodigitalmx.com\/index.php\/wp-json\/wp\/v2\/posts\/132607\/revisions\/132608"}],"wp:featuredmedia":[{"embeddable":true,"href":"https:\/\/diariodigitalmx.com\/index.php\/wp-json\/wp\/v2\/media\/132609"}],"wp:attachment":[{"href":"https:\/\/diariodigitalmx.com\/index.php\/wp-json\/wp\/v2\/media?parent=132607"}],"wp:term":[{"taxonomy":"category","embeddable":true,"href":"https:\/\/diariodigitalmx.com\/index.php\/wp-json\/wp\/v2\/categories?post=132607"},{"taxonomy":"post_tag","embeddable":true,"href":"https:\/\/diariodigitalmx.com\/index.php\/wp-json\/wp\/v2\/tags?post=132607"}],"curies":[{"name":"wp","href":"https:\/\/api.w.org\/{rel}","templated":true}]}}