{"id":132610,"date":"2025-03-19T21:59:22","date_gmt":"2025-03-20T03:59:22","guid":{"rendered":"https:\/\/diariodigitalmx.com\/?p=132610"},"modified":"2025-03-19T22:02:00","modified_gmt":"2025-03-20T04:02:00","slug":"denuncia-reportera-en-derechos-humanos-maltrato-de-las-autoridades-del-municipio-de-cadereyta-nl","status":"publish","type":"post","link":"https:\/\/diariodigitalmx.com\/index.php\/2025\/03\/19\/denuncia-reportera-en-derechos-humanos-maltrato-de-las-autoridades-del-municipio-de-cadereyta-nl\/","title":{"rendered":"Denuncia reportera en Derechos Humanos maltrato de las autoridades del municipio de Cadereyta, NL"},"content":{"rendered":"\n<p>Por: Francisco J. Pe\u00f1a Medina&nbsp;<\/p>\n\n\n\n<p>&nbsp; &nbsp; &nbsp;A seis d\u00edas de ser esposada por la polic\u00eda y desalojada del Palacio Municipal de Cadereyta, por provocar con preguntas inc\u00f3modas al alcalde de MC, Carlos Rafael Rodr\u00edguez G\u00f3mez &#8220;El Cuate&#8221;, la reportera Ana Edith Ronquillo Herrera decidi\u00f3 presentar su queja en la Comisi\u00f3n Estatal de los Derechos Humanos ante lo que considera una violaci\u00f3n a sus garant\u00edas individuales y un atentado a la libertad de expresi\u00f3n.<\/p>\n\n\n\n<p>\u00a0 \u00a0Alrededor de las 10 :30 de la ma\u00f1ana de este mi\u00e9rcoles, por invitaci\u00f3n de la periodista, Detona Insurgente la acompa\u00f1\u00f3 en exclusiva a interponer su denuncia en las oficinas de la CEDH ubicadas en el centro de Monterrey.<\/p>\n\n\n\n<figure class=\"wp-block-image size-large\"><img loading=\"lazy\" decoding=\"async\" width=\"1024\" height=\"771\" src=\"https:\/\/diariodigitalmx.com\/wp-content\/uploads\/2025\/03\/IMG-20250319-WA0349-1024x771.jpg\" alt=\"\" class=\"wp-image-132613\" srcset=\"https:\/\/diariodigitalmx.com\/wp-content\/uploads\/2025\/03\/IMG-20250319-WA0349-1024x771.jpg 1024w, https:\/\/diariodigitalmx.com\/wp-content\/uploads\/2025\/03\/IMG-20250319-WA0349-300x226.jpg 300w, https:\/\/diariodigitalmx.com\/wp-content\/uploads\/2025\/03\/IMG-20250319-WA0349-768x578.jpg 768w, https:\/\/diariodigitalmx.com\/wp-content\/uploads\/2025\/03\/IMG-20250319-WA0349-1536x1156.jpg 1536w, https:\/\/diariodigitalmx.com\/wp-content\/uploads\/2025\/03\/IMG-20250319-WA0349.jpg 1600w\" sizes=\"(max-width: 1024px) 100vw, 1024px\" \/><\/figure>\n\n\n\n<p>&nbsp; &nbsp;Ahi, mientras la directora del espacio de Internet Brujula Noticias, era atendida con la apertura del expediente oficial, por Ang\u00e9lica L\u00f3pez, de la Direcci\u00f3n de Orientaci\u00f3n y Quejas, de pronto arrib\u00f3, en forma sorpresiva, Susana M\u00e9ndez Arellano, presidenta de la dependencia estatal quien atendi\u00f3 y orient\u00f3 personalmente a la reportera.&nbsp;<\/p>\n\n\n\n<p>&#8220;Bienvenida, cuenta con todo el apoyo de la Comisi\u00f3n, aqu\u00ed en la Comisi\u00f3n estamos trabajando mucho con Articulo 19, todo el tema de las transgresiones a los derechos humanos a personas\u00a0 periodistas y tambi\u00e9n trabajamos en 16 municipios, para dar orientaci\u00f3n a polic\u00edas y servidores p\u00fablicos. Entonces es un tema muy importante para la Comisi\u00f3n que se respeten tus derechos a la informaci\u00f3n, entonces si\u00e9ntete en confianza y en libertad de lo que t\u00fa manifiestes, nosotros estaremos al tanto &#8220;, manifest\u00f3 a Ana Ronquillo la titular de\u00a0 Derechos Humanos en el Estado.\u00a0<\/p>\n\n\n\n<figure class=\"wp-block-image size-large\"><img loading=\"lazy\" decoding=\"async\" width=\"1024\" height=\"780\" src=\"https:\/\/diariodigitalmx.com\/wp-content\/uploads\/2025\/03\/IMG-20250319-WA0346-1024x780.jpg\" alt=\"\" class=\"wp-image-132614\" srcset=\"https:\/\/diariodigitalmx.com\/wp-content\/uploads\/2025\/03\/IMG-20250319-WA0346-1024x780.jpg 1024w, https:\/\/diariodigitalmx.com\/wp-content\/uploads\/2025\/03\/IMG-20250319-WA0346-300x228.jpg 300w, https:\/\/diariodigitalmx.com\/wp-content\/uploads\/2025\/03\/IMG-20250319-WA0346-768x585.jpg 768w, https:\/\/diariodigitalmx.com\/wp-content\/uploads\/2025\/03\/IMG-20250319-WA0346.jpg 1199w\" sizes=\"(max-width: 1024px) 100vw, 1024px\" \/><\/figure>\n\n\n\n<p>Despu\u00e9s en entrevista para este medio de comunicaci\u00f3n, M\u00e9ndez Arellano afirm\u00f3 que la CEDH, busca que casos como el ocurrido con la comunicologa el pasado viernes 14 de marzo, durante una sesi\u00f3n del Cabildo en Cadereyta disminuyan en Nuevo Le\u00f3n y se respete el derecho a ejercer el periodismo libre.&nbsp;<\/p>\n\n\n\n<p>&#8220;Y tambi\u00e9n que las autoridades y en estos casos los elementos policiales sepan los l\u00edmites de su actuaci\u00f3n para que esta relaci\u00f3n entre personas periodistas y autoridades sea cada quien respetando tanto el derecho de ejercer el periodismo como los l\u00edmites de la autoridad para respetar ese derecho &#8220;, expres\u00f3 la funcionaria a este reportero.&nbsp;<\/p>\n\n\n\n<p>Al terminar de integrar el expediente de oficio sobre su queja, Ana Ronquillo habl\u00f3 para Detona.<\/p>\n\n\n\n<p>Agradeci\u00f3 el trato recibido en la Comisi\u00f3n de Derechos Humanos y dijo sentirse &#8220;arropada&#8221; por el organismo, contrario a la apat\u00eda que recibi\u00f3 de sus colegas de prensa de Cadereyta en donde ocurrieron los hechos y afirma: &#8220;en esa ocasi\u00f3n me sent\u00ed sola&#8221;.<\/p>\n\n\n\n<p>&#8220;Con esto se fortalece la queja que ya se hab\u00eda presentado por oficio ante esta misma Comisi\u00f3n de los Derechos Humanos y se hace ejercer la solicitud del mecanismo de protecci\u00f3n a periodistas y se hace evidente esta situaci\u00f3n de la que fui v\u00edctima&#8221;, afirma Ronquillo.<\/p>\n\n\n\n<p>Advierte, que esto apenas empieza pues pr\u00f3ximamente presentar\u00e1 una denuncia penal en la Fiscal\u00eda General de Justicia del Estado, en contra de quienes resulten responsables.<\/p>\n\n\n\n<p>&#8220;Yo pido que se realice una investigaci\u00f3n con todos los funcionarios que estuvieron involucrados empezando por el alcalde, Carlos Rafael Rodr\u00edguez G\u00f3mez, su Secretario del Ayuntamiento,&nbsp; Carlos de Le\u00f3n Gonz\u00e1lez, su Secretario de Ejecuci\u00f3n Ejecutiva, Joaqu\u00edn Bautista, su Secretar\u00edo de Desarrollo Social, Rosendo Garza Leal, que envi\u00f3 a su personal a su cargo a sacarme y Blanca N\u00fa\u00f1ez (Secretar\u00eda de Participaci\u00f3n Ciudadana) ahi est\u00e1n los videos &#8220;.<\/p>\n\n\n\n<p>&#8221; Afortunadamente hay videos muy claros de quienes participaron en esta situaci\u00f3n, tambi\u00e9n est\u00e1 involucrado Ismael Acosta, encargado del despacho jur\u00eddico pido una investigaci\u00f3n y que se apliquen sanciones a los que estuvieron involucrados en esta situaci\u00f3n por abuso de autoridad &#8220;, se\u00f1al\u00f3.&nbsp;<\/p>\n\n\n\n<p>Ana Ronquillo, asegur\u00f3 contar con m\u00e1s de 16 a\u00f1os ejerciendo el periodismo, principalmente en medios de prensa del Estado de Chihuahua, su tierra natal y aunque reconoci\u00f3 sus simpatias con el Partido Acci\u00f3n Nacional, exigi\u00f3 no sacar de contexto lo sucedido durante aquel conflicto en el que fue expuesta como periodista al escutrininio p\u00fablico y pidi\u00f3 no seguir pol\u00edtitzando m\u00e1s el caso.<\/p>\n\n\n\n<figure class=\"wp-block-embed is-type-video is-provider-youtube wp-block-embed-youtube wp-embed-aspect-16-9 wp-has-aspect-ratio\"><div class=\"wp-block-embed__wrapper\">\n<iframe loading=\"lazy\" title=\"Presenta periodista queja ante CEDH por maltrato que sufri\u00f3 por parte del municipio de Cadereyta, NL\" width=\"640\" height=\"360\" src=\"https:\/\/www.youtube.com\/embed\/TcsYZ5eXaa0?feature=oembed\" frameborder=\"0\" allow=\"accelerometer; autoplay; clipboard-write; encrypted-media; gyroscope; picture-in-picture; web-share\" referrerpolicy=\"strict-origin-when-cross-origin\" allowfullscreen><\/iframe>\n<\/div><\/figure>\n","protected":false},"excerpt":{"rendered":"<p>Por: Francisco J. Pe\u00f1a Medina&nbsp; &nbsp; &nbsp; &nbsp;A seis d\u00edas de ser esposada por la polic\u00eda y desalojada del Palacio Municipal de Cadereyta, por provocar con preguntas inc\u00f3modas al alcalde de MC, Carlos Rafael Rodr\u00edguez G\u00f3mez &#8220;El Cuate&#8221;, la reportera Ana Edith Ronquillo Herrera decidi\u00f3 presentar su queja en la Comisi\u00f3n Estatal de los Derechos [&hellip;]<\/p>\n","protected":false},"author":1,"featured_media":132612,"comment_status":"open","ping_status":"open","sticky":true,"template":"","format":"standard","meta":{"footnotes":""},"categories":[6,3,5],"tags":[],"_links":{"self":[{"href":"https:\/\/diariodigitalmx.com\/index.php\/wp-json\/wp\/v2\/posts\/132610"}],"collection":[{"href":"https:\/\/diariodigitalmx.com\/index.php\/wp-json\/wp\/v2\/posts"}],"about":[{"href":"https:\/\/diariodigitalmx.com\/index.php\/wp-json\/wp\/v2\/types\/post"}],"author":[{"embeddable":true,"href":"https:\/\/diariodigitalmx.com\/index.php\/wp-json\/wp\/v2\/users\/1"}],"replies":[{"embeddable":true,"href":"https:\/\/diariodigitalmx.com\/index.php\/wp-json\/wp\/v2\/comments?post=132610"}],"version-history":[{"count":2,"href":"https:\/\/diariodigitalmx.com\/index.php\/wp-json\/wp\/v2\/posts\/132610\/revisions"}],"predecessor-version":[{"id":132615,"href":"https:\/\/diariodigitalmx.com\/index.php\/wp-json\/wp\/v2\/posts\/132610\/revisions\/132615"}],"wp:featuredmedia":[{"embeddable":true,"href":"https:\/\/diariodigitalmx.com\/index.php\/wp-json\/wp\/v2\/media\/132612"}],"wp:attachment":[{"href":"https:\/\/diariodigitalmx.com\/index.php\/wp-json\/wp\/v2\/media?parent=132610"}],"wp:term":[{"taxonomy":"category","embeddable":true,"href":"https:\/\/diariodigitalmx.com\/index.php\/wp-json\/wp\/v2\/categories?post=132610"},{"taxonomy":"post_tag","embeddable":true,"href":"https:\/\/diariodigitalmx.com\/index.php\/wp-json\/wp\/v2\/tags?post=132610"}],"curies":[{"name":"wp","href":"https:\/\/api.w.org\/{rel}","templated":true}]}}