{"id":132626,"date":"2025-03-19T22:24:58","date_gmt":"2025-03-20T04:24:58","guid":{"rendered":"https:\/\/diariodigitalmx.com\/?p=132626"},"modified":"2025-03-19T22:29:04","modified_gmt":"2025-03-20T04:29:04","slug":"como-can-de-pelea-buldogs-levanta-el-titulo-infantil-de-liga-casabella","status":"publish","type":"post","link":"https:\/\/diariodigitalmx.com\/index.php\/2025\/03\/19\/como-can-de-pelea-buldogs-levanta-el-titulo-infantil-de-liga-casabella\/","title":{"rendered":"Como can de pelea, Buldogs levanta el t\u00edtulo infantil de Liga CasaBella"},"content":{"rendered":"\n<p>Por: Ra\u00fal E. Guevara Ortiz\/Prensa LCB.- Fiel a su tradici\u00f3n de promover el desarrollo de las futuras estrellas del f\u00fatbol r\u00e1pido desde hace ya 30 a\u00f1os, la Liga CasaBella, llev\u00f3 a cabo la gran final infantil de 8 y 9 a\u00f1os, donde el equipo de Buldogs con gran autoridad sobre el sint\u00e9tico se impuso por marcador de 5-1 a la escuadra del Brasil.<br>El encuentro efectuado la noche del pasado 7 de marzo y que pr\u00e1cticamente abarrot\u00f3 el grader\u00edo con familiares y acompa\u00f1antes de los protagonistas, quienes en todo momento los alentaban para entregarse con todo en el flamante escenario deportivo.<br>Las acciones comenzaron con una sorda pelea entre ambos equipos buscando posesionarse del marcador, situaci\u00f3n que nunca lleg\u00f3 a lo largo de todo el primer periodo que concluy\u00f3 con un salom\u00f3nico 0-0 hasta que al minuto dos un potente disparo desde afuera del \u00e1rea de Dami\u00e1n \u00c1lvarez, puso adelante a los del Buldogs de Escobedo Nuevo Le\u00f3n con el 1-0, con un disparo imposible de atajar por su colocaci\u00f3n por el portero rival.<\/p>\n\n\n\n<figure class=\"wp-block-image size-large\"><img loading=\"lazy\" decoding=\"async\" width=\"1024\" height=\"683\" src=\"https:\/\/diariodigitalmx.com\/wp-content\/uploads\/2025\/03\/IMG_6428-1024x683.jpg\" alt=\"\" class=\"wp-image-132629\" srcset=\"https:\/\/diariodigitalmx.com\/wp-content\/uploads\/2025\/03\/IMG_6428-1024x683.jpg 1024w, https:\/\/diariodigitalmx.com\/wp-content\/uploads\/2025\/03\/IMG_6428-300x200.jpg 300w, https:\/\/diariodigitalmx.com\/wp-content\/uploads\/2025\/03\/IMG_6428-768x512.jpg 768w, https:\/\/diariodigitalmx.com\/wp-content\/uploads\/2025\/03\/IMG_6428-1536x1024.jpg 1536w, https:\/\/diariodigitalmx.com\/wp-content\/uploads\/2025\/03\/IMG_6428-2048x1365.jpg 2048w\" sizes=\"(max-width: 1024px) 100vw, 1024px\" \/><\/figure>\n\n\n\n<p>Un potente disparo salido del cobro de un tiro libre por la banda derecha, dio el 2-0 a los \u201ccanes chatos\u201d por parte de Jord\u00e1n Olvera, pero Mario Villarreal logr\u00f3 descontar por parte del Brasil luego de ingresar al \u00e1rea dejando a tras a m\u00e1s de tres rivales y sobre la salida del portero colocar por alto el bal\u00f3n al fondo de la porter\u00eda.<br>Faltaban solo unos pocos segundos para la conclusi\u00f3n del tercer periodo, cuando un nuevo disparo de cobro de tiro libre trajo el 3-1 favorable para la \u201craza canina de Escobedo\u201d, asegurando con ello pr\u00e1cticamente el campeonato.<\/p>\n\n\n\n<figure class=\"wp-block-image size-large\"><img loading=\"lazy\" decoding=\"async\" width=\"1024\" height=\"683\" src=\"https:\/\/diariodigitalmx.com\/wp-content\/uploads\/2025\/03\/IMG_6421-1024x683.jpg\" alt=\"\" class=\"wp-image-132631\" srcset=\"https:\/\/diariodigitalmx.com\/wp-content\/uploads\/2025\/03\/IMG_6421-1024x683.jpg 1024w, https:\/\/diariodigitalmx.com\/wp-content\/uploads\/2025\/03\/IMG_6421-300x200.jpg 300w, https:\/\/diariodigitalmx.com\/wp-content\/uploads\/2025\/03\/IMG_6421-768x512.jpg 768w, https:\/\/diariodigitalmx.com\/wp-content\/uploads\/2025\/03\/IMG_6421-1536x1024.jpg 1536w, https:\/\/diariodigitalmx.com\/wp-content\/uploads\/2025\/03\/IMG_6421-2048x1365.jpg 2048w\" sizes=\"(max-width: 1024px) 100vw, 1024px\" \/><\/figure>\n\n\n\n<p>El 4-1 del partido llego a trav\u00e9s de los botines de la futura promesa del f\u00fatbol femenil, la peque\u00f1a Ayel\u00e9 Sitti quien aprovechando un rechace de un defensor, tom\u00f3 en forma solitaria e bal\u00f3n dentro del \u00e1rea para empujarlo al fondo de las redes y de forma similar, la menuda jugadora con un tiro cruzado, concret\u00f3 con su doblete goleador su gran actuaci\u00f3n de la noche cerrando el marcador con un contundente 5-1 favorable a los Buldogs de Escobedo que se coronaban como campeones de la categor\u00eda infantil de 8 y 9 a\u00f1os.<\/p>\n","protected":false},"excerpt":{"rendered":"<p>Por: Ra\u00fal E. Guevara Ortiz\/Prensa LCB.- Fiel a su tradici\u00f3n de promover el desarrollo de las futuras estrellas del f\u00fatbol r\u00e1pido desde hace ya 30 a\u00f1os, la Liga CasaBella, llev\u00f3 a cabo la gran final infantil de 8 y 9 a\u00f1os, donde el equipo de Buldogs con gran autoridad sobre el sint\u00e9tico se impuso por [&hellip;]<\/p>\n","protected":false},"author":1,"featured_media":132628,"comment_status":"open","ping_status":"open","sticky":true,"template":"","format":"standard","meta":{"footnotes":""},"categories":[8,14],"tags":[],"_links":{"self":[{"href":"https:\/\/diariodigitalmx.com\/index.php\/wp-json\/wp\/v2\/posts\/132626"}],"collection":[{"href":"https:\/\/diariodigitalmx.com\/index.php\/wp-json\/wp\/v2\/posts"}],"about":[{"href":"https:\/\/diariodigitalmx.com\/index.php\/wp-json\/wp\/v2\/types\/post"}],"author":[{"embeddable":true,"href":"https:\/\/diariodigitalmx.com\/index.php\/wp-json\/wp\/v2\/users\/1"}],"replies":[{"embeddable":true,"href":"https:\/\/diariodigitalmx.com\/index.php\/wp-json\/wp\/v2\/comments?post=132626"}],"version-history":[{"count":2,"href":"https:\/\/diariodigitalmx.com\/index.php\/wp-json\/wp\/v2\/posts\/132626\/revisions"}],"predecessor-version":[{"id":132632,"href":"https:\/\/diariodigitalmx.com\/index.php\/wp-json\/wp\/v2\/posts\/132626\/revisions\/132632"}],"wp:featuredmedia":[{"embeddable":true,"href":"https:\/\/diariodigitalmx.com\/index.php\/wp-json\/wp\/v2\/media\/132628"}],"wp:attachment":[{"href":"https:\/\/diariodigitalmx.com\/index.php\/wp-json\/wp\/v2\/media?parent=132626"}],"wp:term":[{"taxonomy":"category","embeddable":true,"href":"https:\/\/diariodigitalmx.com\/index.php\/wp-json\/wp\/v2\/categories?post=132626"},{"taxonomy":"post_tag","embeddable":true,"href":"https:\/\/diariodigitalmx.com\/index.php\/wp-json\/wp\/v2\/tags?post=132626"}],"curies":[{"name":"wp","href":"https:\/\/api.w.org\/{rel}","templated":true}]}}