{"id":132654,"date":"2025-03-20T12:46:18","date_gmt":"2025-03-20T18:46:18","guid":{"rendered":"https:\/\/diariodigitalmx.com\/?p=132654"},"modified":"2025-03-20T12:56:43","modified_gmt":"2025-03-20T18:56:43","slug":"el-rol-de-los-lideres-es-garantizar-la-justicia-organizacional","status":"publish","type":"post","link":"https:\/\/diariodigitalmx.com\/index.php\/2025\/03\/20\/el-rol-de-los-lideres-es-garantizar-la-justicia-organizacional\/","title":{"rendered":"El rol de los l\u00edderes es garantizar la justicia organizacional"},"content":{"rendered":"\n<p>Por Gerardo Guerrero<\/p>\n\n\n\n<p>En el contexto empresarial, los l\u00edderes tienen la responsabilidad ineludible de garantizar que los derechos reconocidos, proclamados y formalizados dentro de sus organizaciones no se limiten a ser meras declaraciones ret\u00f3ricas o aspiraciones simb\u00f3licas, sino que se traduzcan en realidades concretas, perceptibles y tangibles para todos los empleados, colaboradores y grupos de inter\u00e9s (stakeholders) que interact\u00faan con la organizaci\u00f3n.<\/p>\n\n\n\n<p>En el \u00e1mbito del derecho, se establece un principio fundamental que trasciende disciplinas y sectores: la simple existencia de una norma jur\u00eddica que otorga un derecho subjetivo carece de significado real si no se encuentra acompa\u00f1ada de mecanismos efectivos para su cumplimiento, protecci\u00f3n y ejecuci\u00f3n. Un derecho concedido pero no garantizado es, en esencia, un derecho ilusorio, carente de eficacia y relevancia pr\u00e1ctica; un derecho ficticio que, aunque pueda existir en papel, no incide en la vida de las personas ni en la realidad organizacional.<\/p>\n\n\n\n<p>Desde esta perspectiva, emerge con claridad la misi\u00f3n impostergable de construir y fortalecer empresas cuyo n\u00facleo \u00e9tico se centre en el respeto, la protecci\u00f3n activa y la garant\u00eda integral de los derechos de todos sus miembros y partes interesadas. Esto requiere una visi\u00f3n estrat\u00e9gica respaldada por una cultura organizacional basada en principios de equidad, transparencia y responsabilidad social, que fomente un entorno donde prevalezca la confianza mutua, la justicia distributiva y el sentido de pertenencia.<\/p>\n\n\n\n<p>Para los l\u00edderes empresariales, esta misi\u00f3n implica mucho m\u00e1s que un compromiso superficial con los valores organizacionales. Exige la adopci\u00f3n de una postura proactiva y decidida, dirigida a materializar dichos valores en pr\u00e1cticas empresariales concretas, coherentes y observables. La alineaci\u00f3n entre los principios declarados y las acciones implementadas debe ser un imperativo \u00e9tico y estrat\u00e9gico, pues solo as\u00ed se logra asegurar que los derechos no solo sean reconocidos, sino tambi\u00e9n ejercidos plenamente por cada individuo que forma parte de la organizaci\u00f3n.<\/p>\n\n\n\n<p>Por tanto, garantizar la efectividad de los derechos dentro del entorno empresarial no es solo una meta deseable; es un requisito indispensable para convertir promesas, principios y declaraciones en experiencias vividas y tangibles. Esto incluye la implementaci\u00f3n de pol\u00edticas, procedimientos y herramientas de seguimiento que respalden el cumplimiento de dichos derechos, as\u00ed como la promoci\u00f3n de una cultura organizacional que valore y priorice el bienestar y el desarrollo integral de sus integrantes.<\/p>\n\n\n\n<p>Asimismo, un liderazgo \u00e9tico y comprometido con esta causa no se limita a garantizar que los derechos sean respetados. Va m\u00e1s all\u00e1, promoviendo la participaci\u00f3n activa de todos los empleados y stakeholders en la construcci\u00f3n de un entorno organizacional equitativo, inclusivo y respetuoso de la dignidad humana. Esto requiere un enfoque integral que aborde no solo las necesidades y expectativas actuales de los colaboradores, sino tambi\u00e9n las implicaciones futuras de las decisiones empresariales en t\u00e9rminos de sostenibilidad y justicia social.<\/p>\n\n\n\n<p>La eficacia de los derechos en el \u00e1mbito empresarial constituye un pilar fundamental para el \u00e9xito organizacional, en tanto crea las condiciones para un ambiente de trabajo arm\u00f3nico, colaborativo y motivador. Los l\u00edderes deben estar plenamente conscientes de que su responsabilidad no se limita a formular declaraciones de intenciones, sino que recae en su capacidad de transformar esas intenciones en resultados medibles y significativos, contribuyendo al bienestar colectivo y al fortalecimiento de las organizaciones como agentes de cambio social positivo.<\/p>\n\n\n\n<p>Comparte ahora mismo&nbsp;<\/p>\n\n\n\n<p>Deja tu comentario<\/p>\n\n\n\n<figure class=\"wp-block-embed\"><div class=\"wp-block-embed__wrapper\">\nhttps:\/\/www.facebook.com\/davidguerrerogtz\n<\/div><\/figure>\n\n\n\n<figure class=\"wp-block-embed is-type-rich is-provider-twitter wp-block-embed-twitter\"><div class=\"wp-block-embed__wrapper\">\n<a class=\"twitter-timeline\" data-width=\"640\" data-height=\"960\" data-dnt=\"true\" href=\"https:\/\/twitter.com\/Gera__Guerrero?ref_src=twsrc%5Etfw\">Tweets by Gera__Guerrero<\/a><script async src=\"https:\/\/platform.twitter.com\/widgets.js\" charset=\"utf-8\"><\/script>\n<\/div><\/figure>\n","protected":false},"excerpt":{"rendered":"<p>Por Gerardo Guerrero En el contexto empresarial, los l\u00edderes tienen la responsabilidad ineludible de garantizar que los derechos reconocidos, proclamados y formalizados dentro de sus organizaciones no se limiten a ser meras declaraciones ret\u00f3ricas o aspiraciones simb\u00f3licas, sino que se traduzcan en realidades concretas, perceptibles y tangibles para todos los empleados, colaboradores y grupos de [&hellip;]<\/p>\n","protected":false},"author":1,"featured_media":132660,"comment_status":"open","ping_status":"open","sticky":true,"template":"","format":"standard","meta":{"footnotes":""},"categories":[14,12],"tags":[],"_links":{"self":[{"href":"https:\/\/diariodigitalmx.com\/index.php\/wp-json\/wp\/v2\/posts\/132654"}],"collection":[{"href":"https:\/\/diariodigitalmx.com\/index.php\/wp-json\/wp\/v2\/posts"}],"about":[{"href":"https:\/\/diariodigitalmx.com\/index.php\/wp-json\/wp\/v2\/types\/post"}],"author":[{"embeddable":true,"href":"https:\/\/diariodigitalmx.com\/index.php\/wp-json\/wp\/v2\/users\/1"}],"replies":[{"embeddable":true,"href":"https:\/\/diariodigitalmx.com\/index.php\/wp-json\/wp\/v2\/comments?post=132654"}],"version-history":[{"count":1,"href":"https:\/\/diariodigitalmx.com\/index.php\/wp-json\/wp\/v2\/posts\/132654\/revisions"}],"predecessor-version":[{"id":132655,"href":"https:\/\/diariodigitalmx.com\/index.php\/wp-json\/wp\/v2\/posts\/132654\/revisions\/132655"}],"wp:featuredmedia":[{"embeddable":true,"href":"https:\/\/diariodigitalmx.com\/index.php\/wp-json\/wp\/v2\/media\/132660"}],"wp:attachment":[{"href":"https:\/\/diariodigitalmx.com\/index.php\/wp-json\/wp\/v2\/media?parent=132654"}],"wp:term":[{"taxonomy":"category","embeddable":true,"href":"https:\/\/diariodigitalmx.com\/index.php\/wp-json\/wp\/v2\/categories?post=132654"},{"taxonomy":"post_tag","embeddable":true,"href":"https:\/\/diariodigitalmx.com\/index.php\/wp-json\/wp\/v2\/tags?post=132654"}],"curies":[{"name":"wp","href":"https:\/\/api.w.org\/{rel}","templated":true}]}}