{"id":132752,"date":"2025-03-23T14:21:19","date_gmt":"2025-03-23T20:21:19","guid":{"rendered":"https:\/\/diariodigitalmx.com\/?p=132752"},"modified":"2025-03-23T14:39:09","modified_gmt":"2025-03-23T20:39:09","slug":"busca-heriberto-trevino-mayor-impulso-a-pueblos-magicos","status":"publish","type":"post","link":"https:\/\/diariodigitalmx.com\/index.php\/2025\/03\/23\/busca-heriberto-trevino-mayor-impulso-a-pueblos-magicos\/","title":{"rendered":"Busca Heriberto Trevi\u00f1o mayor impulso a Pueblos M\u00e1gicos"},"content":{"rendered":"\n<p>Ante el pr\u00f3ximo periodo vacacional de semana santa y en momentos en el que el Estado ya cuenta con presupuesto, el Coordinador del Grupo Legislativo del PRI, Heriberto Trevi\u00f1o Cant\u00fa hizo un atento llamado para que fluyan los recursos econ\u00f3micos a los cinco \u201cPueblos M\u00e1gicos\u201d del estado, adem\u00e1s de presentar una iniciativa de ley en apoyo a estos sitios tur\u00edsticos.<\/p>\n\n\n\n<p>El l\u00edder de la bancada del PRI propuso modificar la Ley de Fomento al Turismo para fortalecer la promoci\u00f3n de los \u201cPueblos M\u00e1gicos\u201d de Santiago, Bustamante, General Ter\u00e1n, Linares y General Zaragoza en el sector privado, a trav\u00e9s de ferias y exposiciones.<\/p>\n\n\n\n<p>\u201cEst\u00e1n pr\u00f3ximas las vacaciones de semana santa, por lo que es importante fortalecer la promoci\u00f3n de los Pueblos M\u00e1gicos con los que cuenta Nuevo Le\u00f3n, para que la gente vacacione aqu\u00ed en la entidad, y con eso, expandir la inversi\u00f3n, la generaci\u00f3n de empleos y el turismo\u201d, apunt\u00f3 el Coordinador del GLPRI.<\/p>\n\n\n\n<p>\u201cEl Ejecutivo Estatal ya cuenta con un presupuesto para este a\u00f1o, por lo que es momento que liberar a los Pueblos M\u00e1gicos para incrementar el turismo en la regi\u00f3n\u201d, a\u00f1adi\u00f3.<\/p>\n\n\n\n<p>En este contexto, Trevi\u00f1o Cant\u00fa indic\u00f3 que es necesario modificar el marco legal para explorar nuevas oportunidades de desarrollo.<\/p>\n\n\n\n<p>Su iniciativa contempla modificar el \u00faltimo p\u00e1rrafo de la fracci\u00f3n VII del art\u00edculo 22 Bis, y se adiciona una fracci\u00f3n VIII al art\u00edculo 22 Bis, de la Ley de Fomento al Turismo.<\/p>\n\n\n\n<p>Con ello, reiter\u00f3, facilitar\u00eda que los Pueblos M\u00e1gicos, a trav\u00e9s de la Secretar\u00eda de Turismo, puedan celebrar convenios para promover sus actividades en empresas privadas u asociaciones civiles de toda la Rep\u00fablica Mexicana, a trav\u00e9s de ferias, exposiciones, mercados artesanales o cualquier otra actividad que promueva la diversidad cultural.<\/p>\n\n\n\n<p>\u201cEs necesario generar nuevas condiciones de desarrollo para el turismo y, en consecuencia, generar m\u00e1s empleos y m\u00e1s ingresos que favorezcan el crecimiento de las comunidades\u201d, agreg\u00f3 el Coordinador pri\u00edsta.<\/p>\n\n\n\n<p>\u201cEl turismo representa el 13% de la econom\u00eda de los Pueblos M\u00e1gicos, lo que destaca la importancia de promover y desarrollar el turismo para impulsar el crecimiento econ\u00f3mico y preservar el patrimonio cultural\u201d, indic\u00f3 Trevi\u00f1o.<\/p>\n\n\n\n<p>De acuerdo con la Secretar\u00eda de Turismo federal, actualmente suman 177 Pueblos M\u00e1gicos en todo el pa\u00eds.<\/p>\n","protected":false},"excerpt":{"rendered":"<p>Ante el pr\u00f3ximo periodo vacacional de semana santa y en momentos en el que el Estado ya cuenta con presupuesto, el Coordinador del Grupo Legislativo del PRI, Heriberto Trevi\u00f1o Cant\u00fa hizo un atento llamado para que fluyan los recursos econ\u00f3micos a los cinco \u201cPueblos M\u00e1gicos\u201d del estado, adem\u00e1s de presentar una iniciativa de ley en [&hellip;]<\/p>\n","protected":false},"author":1,"featured_media":132767,"comment_status":"open","ping_status":"open","sticky":true,"template":"","format":"standard","meta":{"footnotes":""},"categories":[14,6],"tags":[],"_links":{"self":[{"href":"https:\/\/diariodigitalmx.com\/index.php\/wp-json\/wp\/v2\/posts\/132752"}],"collection":[{"href":"https:\/\/diariodigitalmx.com\/index.php\/wp-json\/wp\/v2\/posts"}],"about":[{"href":"https:\/\/diariodigitalmx.com\/index.php\/wp-json\/wp\/v2\/types\/post"}],"author":[{"embeddable":true,"href":"https:\/\/diariodigitalmx.com\/index.php\/wp-json\/wp\/v2\/users\/1"}],"replies":[{"embeddable":true,"href":"https:\/\/diariodigitalmx.com\/index.php\/wp-json\/wp\/v2\/comments?post=132752"}],"version-history":[{"count":1,"href":"https:\/\/diariodigitalmx.com\/index.php\/wp-json\/wp\/v2\/posts\/132752\/revisions"}],"predecessor-version":[{"id":132753,"href":"https:\/\/diariodigitalmx.com\/index.php\/wp-json\/wp\/v2\/posts\/132752\/revisions\/132753"}],"wp:featuredmedia":[{"embeddable":true,"href":"https:\/\/diariodigitalmx.com\/index.php\/wp-json\/wp\/v2\/media\/132767"}],"wp:attachment":[{"href":"https:\/\/diariodigitalmx.com\/index.php\/wp-json\/wp\/v2\/media?parent=132752"}],"wp:term":[{"taxonomy":"category","embeddable":true,"href":"https:\/\/diariodigitalmx.com\/index.php\/wp-json\/wp\/v2\/categories?post=132752"},{"taxonomy":"post_tag","embeddable":true,"href":"https:\/\/diariodigitalmx.com\/index.php\/wp-json\/wp\/v2\/tags?post=132752"}],"curies":[{"name":"wp","href":"https:\/\/api.w.org\/{rel}","templated":true}]}}