{"id":132754,"date":"2025-03-23T14:22:48","date_gmt":"2025-03-23T20:22:48","guid":{"rendered":"https:\/\/diariodigitalmx.com\/?p=132754"},"modified":"2025-03-23T14:41:11","modified_gmt":"2025-03-23T20:41:11","slug":"realiza-secretaria-de-igualdad-e-inclusion-tercera-edicion-del-macroprint-fest-2025","status":"publish","type":"post","link":"https:\/\/diariodigitalmx.com\/index.php\/2025\/03\/23\/realiza-secretaria-de-igualdad-e-inclusion-tercera-edicion-del-macroprint-fest-2025\/","title":{"rendered":"Realiza Secretar\u00eda de Igualdad e Inclusi\u00f3n tercera edici\u00f3n del Macroprint Fest 2025"},"content":{"rendered":"\n<p><strong>Monterrey, Nuevo Le\u00f3n.-<\/strong>&nbsp;La Secretar\u00eda de Igualdad e Inclusi\u00f3n a trav\u00e9s de Centros Comunitarios realiz\u00f3 este fin de semana la tercera edici\u00f3n del Macroprint Fest 2025.<\/p>\n\n\n\n<p>El congreso anual de serigraf\u00eda se realiz\u00f3 en el Macrocentro Comunitario San Bernab\u00e9, los d\u00edas 21 y 22 de marzo, en \u00e9l, se dieron a conocer las \u00faltimas tendencias de las diferentes matrices de impresi\u00f3n, dise\u00f1o, tintas y otros elementos de las artes gr\u00e1ficas, con conferencias, exposiciones y talleres.<\/p>\n\n\n\n<p>La Subsecretaria de Desarrollo Comunitario, Eva Lozano, destac\u00f3 que el taller de serigraf\u00eda, es uno de los oficios de m\u00e1s r\u00e1pido aprendizaje para entrar en el mundo del emprendimiento.<\/p>\n\n\n\n<figure class=\"wp-block-image size-large\"><img loading=\"lazy\" decoding=\"async\" width=\"1024\" height=\"575\" src=\"https:\/\/diariodigitalmx.com\/wp-content\/uploads\/2025\/03\/IMG-20250323-WA0069-1024x575.jpg\" alt=\"\" class=\"wp-image-132769\" srcset=\"https:\/\/diariodigitalmx.com\/wp-content\/uploads\/2025\/03\/IMG-20250323-WA0069-1024x575.jpg 1024w, https:\/\/diariodigitalmx.com\/wp-content\/uploads\/2025\/03\/IMG-20250323-WA0069-300x169.jpg 300w, https:\/\/diariodigitalmx.com\/wp-content\/uploads\/2025\/03\/IMG-20250323-WA0069-768x431.jpg 768w, https:\/\/diariodigitalmx.com\/wp-content\/uploads\/2025\/03\/IMG-20250323-WA0069.jpg 1280w\" sizes=\"(max-width: 1024px) 100vw, 1024px\" \/><\/figure>\n\n\n\n<p>Al Macroprint Fest 2025, acudieron cerca de 400 personas que tuvieron la oportunidad de apreciar el arte de la serigraf\u00eda, dirigidos por la tallerista Rosa Nelly Rodr\u00edguez Hern\u00e1ndez, quien les expuso diferentes t\u00e9cnicas de serigraf\u00eda como la descarga, base de igual, selecci\u00f3n y separaci\u00f3n de color, impresi\u00f3n de carteles, stickers, globos y art\u00edculos publicitarios de la mano de magn\u00edficos expositores reconocidos de la regi\u00f3n.<\/p>\n\n\n\n<figure class=\"wp-block-image size-large\"><img loading=\"lazy\" decoding=\"async\" width=\"1024\" height=\"575\" src=\"https:\/\/diariodigitalmx.com\/wp-content\/uploads\/2025\/03\/IMG-20250323-WA0070-1024x575.jpg\" alt=\"\" class=\"wp-image-132771\" srcset=\"https:\/\/diariodigitalmx.com\/wp-content\/uploads\/2025\/03\/IMG-20250323-WA0070-1024x575.jpg 1024w, https:\/\/diariodigitalmx.com\/wp-content\/uploads\/2025\/03\/IMG-20250323-WA0070-300x169.jpg 300w, https:\/\/diariodigitalmx.com\/wp-content\/uploads\/2025\/03\/IMG-20250323-WA0070-768x431.jpg 768w, https:\/\/diariodigitalmx.com\/wp-content\/uploads\/2025\/03\/IMG-20250323-WA0070.jpg 1280w\" sizes=\"(max-width: 1024px) 100vw, 1024px\" \/><\/figure>\n\n\n\n<p>Se cont\u00f3 con la participaci\u00f3n de artistas gr\u00e1ficos nacionales y locales, como Iv\u00e1n Elizalde de Serigrafilia; Edgar Gurrola de Staff Print Markers; Iv\u00e1n Mart\u00ednez de El Taller Serigraf\u00eda Monterrey; Jesiel P\u00e9rez de JB Playeras; Jes\u00fas Jauregi de Kurbah<\/p>\n\n\n\n<p>H\u00e9ber Ortiz; Eduardo Mendoza de Pulmen; Berenice Salazar de Shivaprom; Omar Escalante de ER Serigraf\u00eda; Sergio Balmaceda de Tintas Balmaceda, Sergio Lim\u00f3n de Positivo, y las marcas Color Graf de Occidente S. A. de C. V, Bomba Shop Designs.<\/p>\n\n\n\n<p>Actualmente el taller de serigraf\u00eda se imparte en los Centros Comunitarios Alianza Real, Cadereyta, Eulalio Villarreal, General Zuazua, H\u00e9ctor Caballero, La Alianza, La Ermita, Lomas de la Fama, Monte Kristal, Prados de Santa Rosa, San Bernab\u00e9, San Gilberto, Santa Fe, Sierra Ventana, Valle de la Esperanza y Valle Soleado.<\/p>\n\n\n\n<p>Para recibir mayor informaci\u00f3n sobre el taller de serigraf\u00eda, se cuenta con el n\u00famero de tel\u00e9fono 81-2020-2070, en un horario de 8:00 a.m a 5:00 p.m.<\/p>\n","protected":false},"excerpt":{"rendered":"<p>Monterrey, Nuevo Le\u00f3n.-&nbsp;La Secretar\u00eda de Igualdad e Inclusi\u00f3n a trav\u00e9s de Centros Comunitarios realiz\u00f3 este fin de semana la tercera edici\u00f3n del Macroprint Fest 2025. El congreso anual de serigraf\u00eda se realiz\u00f3 en el Macrocentro Comunitario San Bernab\u00e9, los d\u00edas 21 y 22 de marzo, en \u00e9l, se dieron a conocer las \u00faltimas tendencias de [&hellip;]<\/p>\n","protected":false},"author":1,"featured_media":132768,"comment_status":"open","ping_status":"open","sticky":true,"template":"","format":"standard","meta":{"footnotes":""},"categories":[14,6],"tags":[],"_links":{"self":[{"href":"https:\/\/diariodigitalmx.com\/index.php\/wp-json\/wp\/v2\/posts\/132754"}],"collection":[{"href":"https:\/\/diariodigitalmx.com\/index.php\/wp-json\/wp\/v2\/posts"}],"about":[{"href":"https:\/\/diariodigitalmx.com\/index.php\/wp-json\/wp\/v2\/types\/post"}],"author":[{"embeddable":true,"href":"https:\/\/diariodigitalmx.com\/index.php\/wp-json\/wp\/v2\/users\/1"}],"replies":[{"embeddable":true,"href":"https:\/\/diariodigitalmx.com\/index.php\/wp-json\/wp\/v2\/comments?post=132754"}],"version-history":[{"count":2,"href":"https:\/\/diariodigitalmx.com\/index.php\/wp-json\/wp\/v2\/posts\/132754\/revisions"}],"predecessor-version":[{"id":132772,"href":"https:\/\/diariodigitalmx.com\/index.php\/wp-json\/wp\/v2\/posts\/132754\/revisions\/132772"}],"wp:featuredmedia":[{"embeddable":true,"href":"https:\/\/diariodigitalmx.com\/index.php\/wp-json\/wp\/v2\/media\/132768"}],"wp:attachment":[{"href":"https:\/\/diariodigitalmx.com\/index.php\/wp-json\/wp\/v2\/media?parent=132754"}],"wp:term":[{"taxonomy":"category","embeddable":true,"href":"https:\/\/diariodigitalmx.com\/index.php\/wp-json\/wp\/v2\/categories?post=132754"},{"taxonomy":"post_tag","embeddable":true,"href":"https:\/\/diariodigitalmx.com\/index.php\/wp-json\/wp\/v2\/tags?post=132754"}],"curies":[{"name":"wp","href":"https:\/\/api.w.org\/{rel}","templated":true}]}}