{"id":132775,"date":"2025-03-23T15:20:34","date_gmt":"2025-03-23T21:20:34","guid":{"rendered":"https:\/\/diariodigitalmx.com\/?p=132775"},"modified":"2025-03-23T16:27:17","modified_gmt":"2025-03-23T22:27:17","slug":"23-de-marzo-herida-en-la-historia-pero-promesa-pendiente-hacer-lo-que-se-busco-con-pasion-es-la-mejor-forma-de-honrar-la-memoria-colosio-riojas","status":"publish","type":"post","link":"https:\/\/diariodigitalmx.com\/index.php\/2025\/03\/23\/23-de-marzo-herida-en-la-historia-pero-promesa-pendiente-hacer-lo-que-se-busco-con-pasion-es-la-mejor-forma-de-honrar-la-memoria-colosio-riojas\/","title":{"rendered":"23 de Marzo, herida en la historia pero promesa pendiente; hacer lo que se busc\u00f3 con pasi\u00f3n es la mejor forma de honrar la memoria: Colosio Riojas"},"content":{"rendered":"\n<p><strong>Monterrey. &#8211; Al cumplirse el 31 aniversario luctuoso de la muerte de su padre Luis Donaldo Colosio Murrieta, el senador Luis Donaldo Colosio Riojas, dej\u00f3 entrever la posibilidad de ser candidato presidencial para el 2030 como una forma de honrar la memoria de buscar un M\u00e9xico m\u00e1s fuerte y digno, donde la pol\u00edtica est\u00e9 al servicio de la gente y no al rev\u00e9s.<\/strong><\/p>\n\n\n\n<p><strong>En un evento en el que el alcalde del municipio de Guadalupe, H\u00e9ctor Garc\u00eda fue nombrado coordinador nacional de los ediles de Movimiento Ciudadano, al hacer uso de la palabra, el senador Colosio dijo que esta fecha del 23 de marzo representa una herida en la historia, pero tambi\u00e9n una promesa pendiente.<\/strong><br>&#8220;Hoy es 23 de marzo, una fecha que para m\u00ed y para millones de mexicanas y mexicanos representa una herida en la historia, pero tambi\u00e9n una promesa pendiente&#8221;, record\u00f3.<\/p>\n\n\n\n<p>&#8220;Pero he decidido estar aqu\u00ed con ustedes, no para dejar el pasado atr\u00e1s, sino para honrarlo con acciones en favor del futuro, porque la mejor forma de honrar la memoria es hacer lo que un d\u00eda se busc\u00f3 con tanta pasi\u00f3n: Un M\u00e9xico m\u00e1s justo, un M\u00e9xico m\u00e1s fuerte, un M\u00e9xico m\u00e1s digno, un pa\u00eds donde la pol\u00edtica est\u00e9 al servicio de la gente y no al rev\u00e9s&#8221;, abund\u00f3 el senador.<\/p>\n\n\n\n<p>Tambi\u00e9n destac\u00f3 que a nivel Federal el Gobierno ha confundido el poder con la raz\u00f3n y en su soberbia&nbsp;<strong>ha debilitado a las instituciones.<\/strong><\/p>\n\n\n\n<p>A\u00f1adi\u00f3 a los emecistas reunidos que el trabajo que hacen juntos es lo que llevar\u00e1 a construir un movimiento nacional en el 2027, en el 2030, empezando hoy mismo.<\/p>\n\n\n\n<p>Luego, la militancia e ese partido le gritaron &#8220;<strong>presidente<\/strong>, presidente&#8221;.<\/p>\n\n\n\n<p>Colosio felicit\u00f3 a H\u00e9ctor Garc\u00eda por asumir la coordinaci\u00f3n de alcaldes emanados de MC y recalc\u00f3 que har\u00e1 un papel trascendental al frente de los ediles en el pa\u00eds.<\/p>\n\n\n\n<p><\/p>\n","protected":false},"excerpt":{"rendered":"<p>Monterrey. &#8211; Al cumplirse el 31 aniversario luctuoso de la muerte de su padre Luis Donaldo Colosio Murrieta, el senador Luis Donaldo Colosio Riojas, dej\u00f3 entrever la posibilidad de ser candidato presidencial para el 2030 como una forma de honrar la memoria de buscar un M\u00e9xico m\u00e1s fuerte y digno, donde la pol\u00edtica est\u00e9 al [&hellip;]<\/p>\n","protected":false},"author":1,"featured_media":132782,"comment_status":"open","ping_status":"open","sticky":true,"template":"","format":"standard","meta":{"footnotes":""},"categories":[6,3,5],"tags":[],"_links":{"self":[{"href":"https:\/\/diariodigitalmx.com\/index.php\/wp-json\/wp\/v2\/posts\/132775"}],"collection":[{"href":"https:\/\/diariodigitalmx.com\/index.php\/wp-json\/wp\/v2\/posts"}],"about":[{"href":"https:\/\/diariodigitalmx.com\/index.php\/wp-json\/wp\/v2\/types\/post"}],"author":[{"embeddable":true,"href":"https:\/\/diariodigitalmx.com\/index.php\/wp-json\/wp\/v2\/users\/1"}],"replies":[{"embeddable":true,"href":"https:\/\/diariodigitalmx.com\/index.php\/wp-json\/wp\/v2\/comments?post=132775"}],"version-history":[{"count":2,"href":"https:\/\/diariodigitalmx.com\/index.php\/wp-json\/wp\/v2\/posts\/132775\/revisions"}],"predecessor-version":[{"id":132777,"href":"https:\/\/diariodigitalmx.com\/index.php\/wp-json\/wp\/v2\/posts\/132775\/revisions\/132777"}],"wp:featuredmedia":[{"embeddable":true,"href":"https:\/\/diariodigitalmx.com\/index.php\/wp-json\/wp\/v2\/media\/132782"}],"wp:attachment":[{"href":"https:\/\/diariodigitalmx.com\/index.php\/wp-json\/wp\/v2\/media?parent=132775"}],"wp:term":[{"taxonomy":"category","embeddable":true,"href":"https:\/\/diariodigitalmx.com\/index.php\/wp-json\/wp\/v2\/categories?post=132775"},{"taxonomy":"post_tag","embeddable":true,"href":"https:\/\/diariodigitalmx.com\/index.php\/wp-json\/wp\/v2\/tags?post=132775"}],"curies":[{"name":"wp","href":"https:\/\/api.w.org\/{rel}","templated":true}]}}