{"id":132778,"date":"2025-03-23T16:25:09","date_gmt":"2025-03-23T22:25:09","guid":{"rendered":"https:\/\/diariodigitalmx.com\/?p=132778"},"modified":"2025-03-23T16:26:25","modified_gmt":"2025-03-23T22:26:25","slug":"destapa-maynez-a-precandidatos-de-mc-a-gobierno-de-nl","status":"publish","type":"post","link":"https:\/\/diariodigitalmx.com\/index.php\/2025\/03\/23\/destapa-maynez-a-precandidatos-de-mc-a-gobierno-de-nl\/","title":{"rendered":"Destapa M\u00e1ynez a precandidatos de MC a gobierno de NL"},"content":{"rendered":"\n<p>Guadalupe, NL. El presidente nacional de MC,&nbsp;<strong>Jorge \u00c1lvarez M\u00e1ynez<\/strong>&nbsp;&#8220;destap\u00f3&#8221; como precandidatos a la gubernatura neolonesa a Mariana Rodr\u00edguez, esposa del gobernador Samuel Garc\u00eda; a H\u00e9ctor Garc\u00eda alcalde del municipio de Guadalupe, quien asumi\u00f3 como coordinador nacional de los ediles de MC, a&nbsp;<strong>Martha Herrera<\/strong>, Secretaria de Igualdad e Inclusi\u00f3n; Ra\u00fal Cant\u00fa, alcalde de Salinas Victoria; y a Miguel Flores, coordinador de la bancada local en el Congreso.<\/p>\n\n\n\n<p>&#8220;Aqu\u00ed est\u00e1 la pr\u00f3xima gobernadora o el pr\u00f3ximo gobernador de Nuevo Le\u00f3n, en este evento. Porque aqu\u00ed est\u00e1 Luis Donaldo Colosio, que es un Senador de la Rep\u00fablica que a todos nos hace sentir representados y orgullosos&#8221;, coment\u00f3 el dirigente quien asegur\u00f3 que ganar\u00e1n la gubernatura en 2027.<\/p>\n\n\n\n<p>El presidente de Movimiento Ciudadano record\u00f3 que Samuel Garc\u00eda lo nombr\u00f3 coordinador de su precampa\u00f1a cuando busc\u00f3 la candidatura presidencial a finales de 2023 y alab\u00f3 a su correligionario y gobernador de Nuevo Le\u00f3n.<\/p>\n\n\n\n<p>&#8220;Todos sabemos que el fen\u00f3meno Samuel Garc\u00eda estaba cambiando el curso de la elecci\u00f3n, el guion de la contienda, y todos sabemos que si no hubieran utilizado esas artima\u00f1as todos sabemos que&nbsp;<strong>Samuel Garc\u00eda hubiera sido presidente<\/strong>, si lo hubieran dejado competir&#8221;.<\/p>\n","protected":false},"excerpt":{"rendered":"<p>Guadalupe, NL. El presidente nacional de MC,&nbsp;Jorge \u00c1lvarez M\u00e1ynez&nbsp;&#8220;destap\u00f3&#8221; como precandidatos a la gubernatura neolonesa a Mariana Rodr\u00edguez, esposa del gobernador Samuel Garc\u00eda; a H\u00e9ctor Garc\u00eda alcalde del municipio de Guadalupe, quien asumi\u00f3 como coordinador nacional de los ediles de MC, a&nbsp;Martha Herrera, Secretaria de Igualdad e Inclusi\u00f3n; Ra\u00fal Cant\u00fa, alcalde de Salinas Victoria; y [&hellip;]<\/p>\n","protected":false},"author":1,"featured_media":132781,"comment_status":"open","ping_status":"open","sticky":true,"template":"","format":"standard","meta":{"footnotes":""},"categories":[6,3,5],"tags":[],"_links":{"self":[{"href":"https:\/\/diariodigitalmx.com\/index.php\/wp-json\/wp\/v2\/posts\/132778"}],"collection":[{"href":"https:\/\/diariodigitalmx.com\/index.php\/wp-json\/wp\/v2\/posts"}],"about":[{"href":"https:\/\/diariodigitalmx.com\/index.php\/wp-json\/wp\/v2\/types\/post"}],"author":[{"embeddable":true,"href":"https:\/\/diariodigitalmx.com\/index.php\/wp-json\/wp\/v2\/users\/1"}],"replies":[{"embeddable":true,"href":"https:\/\/diariodigitalmx.com\/index.php\/wp-json\/wp\/v2\/comments?post=132778"}],"version-history":[{"count":1,"href":"https:\/\/diariodigitalmx.com\/index.php\/wp-json\/wp\/v2\/posts\/132778\/revisions"}],"predecessor-version":[{"id":132779,"href":"https:\/\/diariodigitalmx.com\/index.php\/wp-json\/wp\/v2\/posts\/132778\/revisions\/132779"}],"wp:featuredmedia":[{"embeddable":true,"href":"https:\/\/diariodigitalmx.com\/index.php\/wp-json\/wp\/v2\/media\/132781"}],"wp:attachment":[{"href":"https:\/\/diariodigitalmx.com\/index.php\/wp-json\/wp\/v2\/media?parent=132778"}],"wp:term":[{"taxonomy":"category","embeddable":true,"href":"https:\/\/diariodigitalmx.com\/index.php\/wp-json\/wp\/v2\/categories?post=132778"},{"taxonomy":"post_tag","embeddable":true,"href":"https:\/\/diariodigitalmx.com\/index.php\/wp-json\/wp\/v2\/tags?post=132778"}],"curies":[{"name":"wp","href":"https:\/\/api.w.org\/{rel}","templated":true}]}}