{"id":132783,"date":"2025-03-23T23:15:06","date_gmt":"2025-03-24T05:15:06","guid":{"rendered":"https:\/\/diariodigitalmx.com\/?p=132783"},"modified":"2025-03-23T23:23:10","modified_gmt":"2025-03-24T05:23:10","slug":"mueren-doce-al-desbarrancarse-camioneta-en-santiago-nl","status":"publish","type":"post","link":"https:\/\/diariodigitalmx.com\/index.php\/2025\/03\/23\/mueren-doce-al-desbarrancarse-camioneta-en-santiago-nl\/","title":{"rendered":"Mueren doce al desbarrancarse camioneta en Santiago, NL"},"content":{"rendered":"\n<p>Monterrey. &#8211;&nbsp; Durante la noche de este domingo las autoridades de Protecci\u00f3n Civil y cuerpos de auxilio rescataba los cuerpos de las personas que murieron al desbarrancarse una camioneta Van que transportaba 12 personas, las que perdieron la vida en la carretera a Cola de Caballo, en el municipio&nbsp; de Santiago.<\/p>\n\n\n\n<p>El accidente en el que el conductor perdi\u00f3 el control del volante, se registr\u00f3 en\u00a0el kil\u00f3metro 14 de la Carretera Cola de Caballo-Laguna de S\u00e1nchez, en lugar llamado &#8220;Los Comales&#8221;.<\/p>\n\n\n\n<figure class=\"wp-block-image size-full\"><img loading=\"lazy\" decoding=\"async\" width=\"720\" height=\"480\" src=\"https:\/\/diariodigitalmx.com\/wp-content\/uploads\/2025\/03\/FB_IMG_1742786206091.jpg\" alt=\"\" class=\"wp-image-132792\" srcset=\"https:\/\/diariodigitalmx.com\/wp-content\/uploads\/2025\/03\/FB_IMG_1742786206091.jpg 720w, https:\/\/diariodigitalmx.com\/wp-content\/uploads\/2025\/03\/FB_IMG_1742786206091-300x200.jpg 300w\" sizes=\"(max-width: 720px) 100vw, 720px\" \/><\/figure>\n\n\n\n<p>David de la Pe\u00f1a, Alcalde de Santiago y Erik Cavazos, director de Protecci\u00f3n Civil del Estado informaron que la camioneta se incendi\u00f3 tras caer al barranco donde murieron calcinados las 12 personas que&nbsp;eran de Nuevo Laredo, Tamaulipas.<\/p>\n\n\n\n<p>Adem\u00e1s, resultaron lesionadas cuatro personas, dos de ellas en estado de gravedad.<\/p>\n\n\n\n<figure class=\"wp-block-image size-full\"><img loading=\"lazy\" decoding=\"async\" width=\"720\" height=\"480\" src=\"https:\/\/diariodigitalmx.com\/wp-content\/uploads\/2025\/03\/FB_IMG_1742786200194.jpg\" alt=\"\" class=\"wp-image-132794\" srcset=\"https:\/\/diariodigitalmx.com\/wp-content\/uploads\/2025\/03\/FB_IMG_1742786200194.jpg 720w, https:\/\/diariodigitalmx.com\/wp-content\/uploads\/2025\/03\/FB_IMG_1742786200194-300x200.jpg 300w\" sizes=\"(max-width: 720px) 100vw, 720px\" \/><\/figure>\n\n\n\n<p>Tras dar varias volteretas en el lugar del accidente murieron 11 de las cuales 10 quedaron regadas en el barranco en un \u00e1rea de unos 30 metros y otro cuerpo qued\u00f3 en el interior del veh\u00edculo.<\/p>\n\n\n\n<p>Poco despu\u00e9s de las 19:00 horas las autoridades recataron nueve cuerpos con el apoyo de personal de Protecci\u00f3n Civil de distintos municipios, Conafor, Ej\u00e9rcito, Fuerza Civil y combatientes de la Sierra de Santiago.<\/p>\n\n\n\n<figure class=\"wp-block-gallery has-nested-images columns-default is-cropped wp-block-gallery-1 is-layout-flex wp-block-gallery-is-layout-flex\">\n<figure class=\"wp-block-image size-large\"><img loading=\"lazy\" decoding=\"async\" width=\"720\" height=\"480\" data-id=\"132796\" src=\"https:\/\/diariodigitalmx.com\/wp-content\/uploads\/2025\/03\/FB_IMG_1742786203060.jpg\" alt=\"\" class=\"wp-image-132796\" srcset=\"https:\/\/diariodigitalmx.com\/wp-content\/uploads\/2025\/03\/FB_IMG_1742786203060.jpg 720w, https:\/\/diariodigitalmx.com\/wp-content\/uploads\/2025\/03\/FB_IMG_1742786203060-300x200.jpg 300w\" sizes=\"(max-width: 720px) 100vw, 720px\" \/><\/figure>\n\n\n\n<figure class=\"wp-block-image size-large\"><img loading=\"lazy\" decoding=\"async\" width=\"683\" height=\"1024\" data-id=\"132797\" src=\"https:\/\/diariodigitalmx.com\/wp-content\/uploads\/2025\/03\/FB_IMG_1742786188232-683x1024.jpg\" alt=\"\" class=\"wp-image-132797\" srcset=\"https:\/\/diariodigitalmx.com\/wp-content\/uploads\/2025\/03\/FB_IMG_1742786188232-683x1024.jpg 683w, https:\/\/diariodigitalmx.com\/wp-content\/uploads\/2025\/03\/FB_IMG_1742786188232-200x300.jpg 200w, https:\/\/diariodigitalmx.com\/wp-content\/uploads\/2025\/03\/FB_IMG_1742786188232.jpg 720w\" sizes=\"(max-width: 683px) 100vw, 683px\" \/><\/figure>\n<\/figure>\n\n\n\n<p>Se utiliz\u00f3 un helic\u00f3ptero cpn descargas de agua para sofocar el incendio en la maleza que provoc\u00f3 el accidente y que incendi\u00f3 m\u00e1s de dos hect\u00e1reas.<\/p>\n\n\n\n<figure class=\"wp-block-image size-full\"><img loading=\"lazy\" decoding=\"async\" width=\"720\" height=\"480\" src=\"https:\/\/diariodigitalmx.com\/wp-content\/uploads\/2025\/03\/FB_IMG_1742786193685.jpg\" alt=\"\" class=\"wp-image-132798\" srcset=\"https:\/\/diariodigitalmx.com\/wp-content\/uploads\/2025\/03\/FB_IMG_1742786193685.jpg 720w, https:\/\/diariodigitalmx.com\/wp-content\/uploads\/2025\/03\/FB_IMG_1742786193685-300x200.jpg 300w\" sizes=\"(max-width: 720px) 100vw, 720px\" \/><\/figure>\n\n\n\n<p>De acuerdo a los primeros informes, la camioneta Van descend\u00eda por una pendiente y en una curva se desbarranc\u00f3 luego de derribar una barra met\u00e1lica de protecci\u00f3n.<\/p>\n\n\n\n<p>Pasadas las 20:00 horas segu\u00edan las labores para rescatar&nbsp; dos cuerpos del barranco por una brecha y con ayuda de equipo de cuerdas.<\/p>\n\n\n\n<p>Los occiso fueron identificados como Mary Mart\u00ednez, Martha Mart\u00ednez, Josu\u00e9 Martinez, Juan Rosales, Mariela Mart\u00ednez, Melanie Mart\u00ednez, Gregorio Mart\u00ednez y Guadalupe Mart\u00ednez, as\u00ed como los menores Eduardo Quintanilla, Emiliano Quintanilla, Yaretzi Mart\u00ednez, y Regina Mart\u00ednez.<\/p>\n\n\n\n<p>Los heridos son&nbsp;&nbsp;Erika Camacho Mart\u00ednez, de 30 a\u00f1os; Gael Mart\u00ednez, de 10 a\u00f1os; Derly Mart\u00ednez, de 18 a\u00f1os, y&nbsp;\u00d3scar Mart\u00ednez, de 38.<\/p>\n","protected":false},"excerpt":{"rendered":"<p>Monterrey. &#8211;&nbsp; Durante la noche de este domingo las autoridades de Protecci\u00f3n Civil y cuerpos de auxilio rescataba los cuerpos de las personas que murieron al desbarrancarse una camioneta Van que transportaba 12 personas, las que perdieron la vida en la carretera a Cola de Caballo, en el municipio&nbsp; de Santiago. El accidente en el [&hellip;]<\/p>\n","protected":false},"author":1,"featured_media":132790,"comment_status":"open","ping_status":"open","sticky":true,"template":"","format":"standard","meta":{"footnotes":""},"categories":[3,5,7],"tags":[],"_links":{"self":[{"href":"https:\/\/diariodigitalmx.com\/index.php\/wp-json\/wp\/v2\/posts\/132783"}],"collection":[{"href":"https:\/\/diariodigitalmx.com\/index.php\/wp-json\/wp\/v2\/posts"}],"about":[{"href":"https:\/\/diariodigitalmx.com\/index.php\/wp-json\/wp\/v2\/types\/post"}],"author":[{"embeddable":true,"href":"https:\/\/diariodigitalmx.com\/index.php\/wp-json\/wp\/v2\/users\/1"}],"replies":[{"embeddable":true,"href":"https:\/\/diariodigitalmx.com\/index.php\/wp-json\/wp\/v2\/comments?post=132783"}],"version-history":[{"count":3,"href":"https:\/\/diariodigitalmx.com\/index.php\/wp-json\/wp\/v2\/posts\/132783\/revisions"}],"predecessor-version":[{"id":132799,"href":"https:\/\/diariodigitalmx.com\/index.php\/wp-json\/wp\/v2\/posts\/132783\/revisions\/132799"}],"wp:featuredmedia":[{"embeddable":true,"href":"https:\/\/diariodigitalmx.com\/index.php\/wp-json\/wp\/v2\/media\/132790"}],"wp:attachment":[{"href":"https:\/\/diariodigitalmx.com\/index.php\/wp-json\/wp\/v2\/media?parent=132783"}],"wp:term":[{"taxonomy":"category","embeddable":true,"href":"https:\/\/diariodigitalmx.com\/index.php\/wp-json\/wp\/v2\/categories?post=132783"},{"taxonomy":"post_tag","embeddable":true,"href":"https:\/\/diariodigitalmx.com\/index.php\/wp-json\/wp\/v2\/tags?post=132783"}],"curies":[{"name":"wp","href":"https:\/\/api.w.org\/{rel}","templated":true}]}}