{"id":132801,"date":"2025-03-23T23:49:08","date_gmt":"2025-03-24T05:49:08","guid":{"rendered":"https:\/\/diariodigitalmx.com\/?p=132801"},"modified":"2025-03-24T00:03:05","modified_gmt":"2025-03-24T06:03:05","slug":"es-hector-garcia-coordinador-nacional-de-alcaldes-de-mc","status":"publish","type":"post","link":"https:\/\/diariodigitalmx.com\/index.php\/2025\/03\/23\/es-hector-garcia-coordinador-nacional-de-alcaldes-de-mc\/","title":{"rendered":"Es H\u00e9ctor Garc\u00eda, coordinador nacional de Alcaldes de MC"},"content":{"rendered":"\n<figure class=\"wp-block-image size-full\"><img loading=\"lazy\" decoding=\"async\" width=\"720\" height=\"480\" src=\"https:\/\/diariodigitalmx.com\/wp-content\/uploads\/2025\/03\/FB_IMG_1742794625276.jpg\" alt=\"\" class=\"wp-image-132805\" srcset=\"https:\/\/diariodigitalmx.com\/wp-content\/uploads\/2025\/03\/FB_IMG_1742794625276.jpg 720w, https:\/\/diariodigitalmx.com\/wp-content\/uploads\/2025\/03\/FB_IMG_1742794625276-300x200.jpg 300w\" sizes=\"(max-width: 720px) 100vw, 720px\" \/><\/figure>\n\n\n\n<p>El Alcalde del municipio de Guadalupe,&nbsp;<strong>H\u00e9ctor Garc\u00eda<\/strong>, asumi\u00f3 como coordinador nacional de Alcaldes de Movimiento Ciudadano, quien estableci\u00f3 el compromiso de recorrer el pa\u00eds para hacer crecer al doble a ese partido pol\u00edtico.<\/p>\n\n\n\n<p>Durante la sexta Asamblea de la Coordinaci\u00f3n Nacional de Autoridades Municipales, con la presencia de 30 estados del Pa\u00eds, y el dirigente nacional de Movimiento Ciudadano, Jorge \u00c1lvarez M\u00e1ynez, H\u00e9ctor Garc\u00eda fue electo por unanimidad en sustituci\u00f3n de Biby Rabelo, alcaldesa de Campeche,  quien concluye al frente de la organizaci\u00f3n de ediles. <\/p>\n\n\n\n<figure class=\"wp-block-image size-full\"><img loading=\"lazy\" decoding=\"async\" width=\"720\" height=\"480\" src=\"https:\/\/diariodigitalmx.com\/wp-content\/uploads\/2025\/03\/FB_IMG_1742795542135.jpg\" alt=\"\" class=\"wp-image-132807\" srcset=\"https:\/\/diariodigitalmx.com\/wp-content\/uploads\/2025\/03\/FB_IMG_1742795542135.jpg 720w, https:\/\/diariodigitalmx.com\/wp-content\/uploads\/2025\/03\/FB_IMG_1742795542135-300x200.jpg 300w\" sizes=\"(max-width: 720px) 100vw, 720px\" \/><\/figure>\n\n\n\n<p>&#8220;Todo el \u00e9xito, cuenta con una servidora, cuenta con Campeche, tenemos que llegar a todos los Municipios del Pa\u00eds, yo s\u00e9 que a veces es dif\u00edcil por los tiempos que tenemos como autoridades&#8221;, le dijo a H\u00e9ctor Garc\u00eda.<br>&#8220;Tenemos que hacer el esfuerzo tambi\u00e9n como partido, para compartir experiencias, para ver c\u00f3mo s\u00ed, porque hay Municipios que pueden crecer desde una regidur\u00eda&#8221;, abundo.<br>A su vez Garc\u00eda estableci\u00f3: &#8220;Vamos a recorrer el pa\u00eds, vamos a tocar corazones, vamos a hacer que Movimiento Ciudadano crezca al menos al doble porque la gente conf\u00eda en nosotros y tiene la confianza de que M\u00e9xico va a cambiar con Movimiento Ciudadano&#8221;.<\/p>\n\n\n\n<p>\u201cEs una gran responsabilidad dirigir a todas las autoridades municipales del pa\u00eds. Es un honor, pero hay mucho trabajo, que debemos hacer de manera organizada, coordinar esfuerzos entre alcaldes, regidores y diputados para que MC siga creciendo\u201d, expuso el alcalde de Guadalupe.<\/p>\n\n\n\n<p>\u201cVamos a empezar a llamar, para estar en contacto desde el m\u00e1s peque\u00f1o de los municipios hasta el m\u00e1s grande, con la misma importancia buscando que las pol\u00edticas p\u00fablicas m\u00e1s exitosas que cada quien tenga, replicarlas en el pa\u00eds\u201d, a\u00f1adi\u00f3.<\/p>\n\n\n\n<p>Al evento asisti\u00f3 el gobernador Samuel Garc\u00eda, su esposa Mariana Rodr\u00edguez, el senador Luis Donaldo Colosio, diputados locales y federales de MC, alcaldes y militancia de Movimiento Ciudadano.<\/p>\n","protected":false},"excerpt":{"rendered":"<p>El Alcalde del municipio de Guadalupe,&nbsp;H\u00e9ctor Garc\u00eda, asumi\u00f3 como coordinador nacional de Alcaldes de Movimiento Ciudadano, quien estableci\u00f3 el compromiso de recorrer el pa\u00eds para hacer crecer al doble a ese partido pol\u00edtico. Durante la sexta Asamblea de la Coordinaci\u00f3n Nacional de Autoridades Municipales, con la presencia de 30 estados del Pa\u00eds, y el dirigente [&hellip;]<\/p>\n","protected":false},"author":1,"featured_media":132803,"comment_status":"open","ping_status":"open","sticky":true,"template":"","format":"standard","meta":{"footnotes":""},"categories":[14,6],"tags":[],"_links":{"self":[{"href":"https:\/\/diariodigitalmx.com\/index.php\/wp-json\/wp\/v2\/posts\/132801"}],"collection":[{"href":"https:\/\/diariodigitalmx.com\/index.php\/wp-json\/wp\/v2\/posts"}],"about":[{"href":"https:\/\/diariodigitalmx.com\/index.php\/wp-json\/wp\/v2\/types\/post"}],"author":[{"embeddable":true,"href":"https:\/\/diariodigitalmx.com\/index.php\/wp-json\/wp\/v2\/users\/1"}],"replies":[{"embeddable":true,"href":"https:\/\/diariodigitalmx.com\/index.php\/wp-json\/wp\/v2\/comments?post=132801"}],"version-history":[{"count":4,"href":"https:\/\/diariodigitalmx.com\/index.php\/wp-json\/wp\/v2\/posts\/132801\/revisions"}],"predecessor-version":[{"id":132809,"href":"https:\/\/diariodigitalmx.com\/index.php\/wp-json\/wp\/v2\/posts\/132801\/revisions\/132809"}],"wp:featuredmedia":[{"embeddable":true,"href":"https:\/\/diariodigitalmx.com\/index.php\/wp-json\/wp\/v2\/media\/132803"}],"wp:attachment":[{"href":"https:\/\/diariodigitalmx.com\/index.php\/wp-json\/wp\/v2\/media?parent=132801"}],"wp:term":[{"taxonomy":"category","embeddable":true,"href":"https:\/\/diariodigitalmx.com\/index.php\/wp-json\/wp\/v2\/categories?post=132801"},{"taxonomy":"post_tag","embeddable":true,"href":"https:\/\/diariodigitalmx.com\/index.php\/wp-json\/wp\/v2\/tags?post=132801"}],"curies":[{"name":"wp","href":"https:\/\/api.w.org\/{rel}","templated":true}]}}