{"id":132812,"date":"2025-03-24T06:07:32","date_gmt":"2025-03-24T12:07:32","guid":{"rendered":"https:\/\/diariodigitalmx.com\/?p=132812"},"modified":"2025-03-24T06:33:56","modified_gmt":"2025-03-24T12:33:56","slug":"la-ley-fuga","status":"publish","type":"post","link":"https:\/\/diariodigitalmx.com\/index.php\/2025\/03\/24\/la-ley-fuga\/","title":{"rendered":"La ley fuga"},"content":{"rendered":"\n<p>Gerson G\u00f3mez Salas <\/p>\n\n\n\n<p>Por lo pronto no averig\u00fce. En cualquier acto de violencia dispare. Abata al criminal. Ni siquiera asuntos internos caer\u00e1 en investigar. Nuestros formatos de redacci\u00f3n ya incluyen la relator\u00eda de intercambio y fuego cruzado.<\/p>\n\n\n\n<p>Quienes viven y mueren fuera del imperio de la ley. Como en el viejo oeste. Vamos a recuperar el territorio. Aqu\u00ed se hace, aqu\u00ed se trabaja, aqu\u00ed se avanza.<\/p>\n\n\n\n<p>El comit\u00e9 de seguridad transmiti\u00f3 las nuevas ordenanzas al personal operativo. Calzados los chalecos antibalas. Los barrios bravos de la zona metropolitana. Comenzaremos con los malandros independientes. Los no alineados. Presionar con el reglamento de buen gobierno.<\/p>\n\n\n\n<p>En el C5 se da seguimiento. No queremos vivos o heridos. Cuestan mucho al erario p\u00fablico. Quien corre algo debe. Por encima de la ley nadie.<\/p>\n\n\n\n<p>La primera semana el 400% m\u00e1s de fallecidos comparado con el hist\u00f3rico del a\u00f1o anterior. Tan solo dos elementos policiacos heridos y un muerto, m\u00e1s por incompetencia, al buen tino del presunto responsable.<\/p>\n\n\n\n<p>Trabajaremos todos los d\u00edas sin descanso. Para lograr la gubernatura necesitan los electores observar el m\u00fasculo del alcalde. Aparecemos a cuadro con camisas arremangadas. Luciendo corte nuevo de cabello. Horas de gimnasio con entrenador personal para los b\u00edceps.<\/p>\n\n\n\n<p>Impedido por el gobernador en funciones, le qued\u00f3 la espina de la Fiscal\u00eda del Estado. Hay afrentas inolvidables. Los tiempos de Don Porfirio y de la Revoluci\u00f3n Mexicana est\u00e1n de vuelta. Hermanados con sangre. PRI y PAN barajean su nombre. Hasta reparten comisiones, secretarias y el primer c\u00edrculo.<\/p>\n\n\n\n<p>Las formalidades, a su tiempo gal\u00e1n. En su debido momento.<\/p>\n","protected":false},"excerpt":{"rendered":"<p>Gerson G\u00f3mez Salas Por lo pronto no averig\u00fce. En cualquier acto de violencia dispare. Abata al criminal. Ni siquiera asuntos internos caer\u00e1 en investigar. Nuestros formatos de redacci\u00f3n ya incluyen la relator\u00eda de intercambio y fuego cruzado. Quienes viven y mueren fuera del imperio de la ley. Como en el viejo oeste. Vamos a recuperar [&hellip;]<\/p>\n","protected":false},"author":1,"featured_media":132829,"comment_status":"open","ping_status":"open","sticky":true,"template":"","format":"standard","meta":{"footnotes":""},"categories":[14,12],"tags":[],"_links":{"self":[{"href":"https:\/\/diariodigitalmx.com\/index.php\/wp-json\/wp\/v2\/posts\/132812"}],"collection":[{"href":"https:\/\/diariodigitalmx.com\/index.php\/wp-json\/wp\/v2\/posts"}],"about":[{"href":"https:\/\/diariodigitalmx.com\/index.php\/wp-json\/wp\/v2\/types\/post"}],"author":[{"embeddable":true,"href":"https:\/\/diariodigitalmx.com\/index.php\/wp-json\/wp\/v2\/users\/1"}],"replies":[{"embeddable":true,"href":"https:\/\/diariodigitalmx.com\/index.php\/wp-json\/wp\/v2\/comments?post=132812"}],"version-history":[{"count":2,"href":"https:\/\/diariodigitalmx.com\/index.php\/wp-json\/wp\/v2\/posts\/132812\/revisions"}],"predecessor-version":[{"id":132830,"href":"https:\/\/diariodigitalmx.com\/index.php\/wp-json\/wp\/v2\/posts\/132812\/revisions\/132830"}],"wp:featuredmedia":[{"embeddable":true,"href":"https:\/\/diariodigitalmx.com\/index.php\/wp-json\/wp\/v2\/media\/132829"}],"wp:attachment":[{"href":"https:\/\/diariodigitalmx.com\/index.php\/wp-json\/wp\/v2\/media?parent=132812"}],"wp:term":[{"taxonomy":"category","embeddable":true,"href":"https:\/\/diariodigitalmx.com\/index.php\/wp-json\/wp\/v2\/categories?post=132812"},{"taxonomy":"post_tag","embeddable":true,"href":"https:\/\/diariodigitalmx.com\/index.php\/wp-json\/wp\/v2\/tags?post=132812"}],"curies":[{"name":"wp","href":"https:\/\/api.w.org\/{rel}","templated":true}]}}