{"id":132926,"date":"2025-03-26T21:40:25","date_gmt":"2025-03-27T03:40:25","guid":{"rendered":"https:\/\/diariodigitalmx.com\/?p=132926"},"modified":"2025-03-26T22:05:47","modified_gmt":"2025-03-27T04:05:47","slug":"reconoce-congreso-a-la-nena-delgado","status":"publish","type":"post","link":"https:\/\/diariodigitalmx.com\/index.php\/2025\/03\/26\/reconoce-congreso-a-la-nena-delgado\/","title":{"rendered":"Reconoce Congreso a la \u201cNena Delgado\u201d"},"content":{"rendered":"\n<p>El Congreso del Estado realiz\u00f3 un Espacio Solemne para homenajear y entregar un reconocimiento a la actriz Trinidad Delgado Valero, mejor conocida como \u201cNena Delgado\u201d, por sus 63 a\u00f1os de trayectoria art\u00edstica, a petici\u00f3n de la Diputada local del PRI, Ivonne \u00c1lvarez Garc\u00eda.<\/p>\n\n\n\n<p>En el marco del mes donde se conmemora el D\u00eda Internacional de la Mujer, al ser la \u201cNena Delgado\u201d, la principal promotora del arte y el teatro que ha abierto el camino a las nuevas generaciones de artistas,\u00a0\u00c1lvarez Garc\u00eda destac\u00f3 que la actriz ha trascendido fronteras y ha realizado obras en beneficio de asociaciones civiles.<\/p>\n\n\n\n<figure class=\"wp-block-image size-large\"><img loading=\"lazy\" decoding=\"async\" width=\"1024\" height=\"683\" src=\"https:\/\/diariodigitalmx.com\/wp-content\/uploads\/2025\/03\/IMG-20250326-WA0145-1024x683.jpg\" alt=\"\" class=\"wp-image-132943\" srcset=\"https:\/\/diariodigitalmx.com\/wp-content\/uploads\/2025\/03\/IMG-20250326-WA0145-1024x683.jpg 1024w, https:\/\/diariodigitalmx.com\/wp-content\/uploads\/2025\/03\/IMG-20250326-WA0145-300x200.jpg 300w, https:\/\/diariodigitalmx.com\/wp-content\/uploads\/2025\/03\/IMG-20250326-WA0145-768x512.jpg 768w, https:\/\/diariodigitalmx.com\/wp-content\/uploads\/2025\/03\/IMG-20250326-WA0145-1536x1025.jpg 1536w, https:\/\/diariodigitalmx.com\/wp-content\/uploads\/2025\/03\/IMG-20250326-WA0145-2048x1366.jpg 2048w\" sizes=\"(max-width: 1024px) 100vw, 1024px\" \/><\/figure>\n\n\n\n<p>&nbsp;\u201cEn el marco del mes de la mujer, este Congreso se honra en reconocerte, porque, sin duda alguna, eres una extraordinaria mujer, disciplinada, exitosa y apasionada que ha puesto en todo lo alto el nombre de Nuevo Le\u00f3n, y lograste abrirte camino con esfuerzo, compromiso y pasi\u00f3n por el arte, pero tambi\u00e9n le has abierto el camino a decenas de nuevos artistas\u201d, expres\u00f3 \u00c1lvarez Garc\u00eda.<\/p>\n\n\n\n<p>\u201cHay que destacar que hiciste carrera en el medio art\u00edstico que no es ajeno a la desigualdad de derechos entre mujeres y hombres. Por eso, Nena, tambi\u00e9n eres un ejemplo, porque tu trabajo tambi\u00e9n ha servido para abrir puertas y ser ejemplo para todas las mujeres de Nuestro de Estado\u201d, apunt\u00f3.<\/p>\n\n\n\n<p>Al agradecer la presencia de Gaby Oyervides, Presidenta del DIF de Monterrey; Marla Trevi\u00f1o, Sylvia Nancy Garc\u00eda y del actor y productor, Pablo Morton; \u00c1lvarez Garc\u00eda detall\u00f3 que el talento y la perseverancia de la actriz han trascendido, dejando un legado que se ha inmortalizado en el Teatro Nena Delgado, s\u00edmbolo de la admiraci\u00f3n y reconocimiento a su trayectoria.<\/p>\n\n\n\n<figure class=\"wp-block-image size-large\"><img loading=\"lazy\" decoding=\"async\" width=\"683\" height=\"1024\" src=\"https:\/\/diariodigitalmx.com\/wp-content\/uploads\/2025\/03\/IMG-20250326-WA0142-683x1024.jpg\" alt=\"\" class=\"wp-image-132944\" srcset=\"https:\/\/diariodigitalmx.com\/wp-content\/uploads\/2025\/03\/IMG-20250326-WA0142-683x1024.jpg 683w, https:\/\/diariodigitalmx.com\/wp-content\/uploads\/2025\/03\/IMG-20250326-WA0142-200x300.jpg 200w, https:\/\/diariodigitalmx.com\/wp-content\/uploads\/2025\/03\/IMG-20250326-WA0142-768x1152.jpg 768w, https:\/\/diariodigitalmx.com\/wp-content\/uploads\/2025\/03\/IMG-20250326-WA0142-1024x1536.jpg 1024w, https:\/\/diariodigitalmx.com\/wp-content\/uploads\/2025\/03\/IMG-20250326-WA0142-1365x2048.jpg 1365w, https:\/\/diariodigitalmx.com\/wp-content\/uploads\/2025\/03\/IMG-20250326-WA0142-scaled.jpg 1706w\" sizes=\"(max-width: 683px) 100vw, 683px\" \/><\/figure>\n\n\n\n<p>\u201cPorque hablar del teatro en Nuevo Le\u00f3n, es hablar de la Nena Delgado. Porque disfrutar de una buena obra en Nuevo Le\u00f3n, es hablar de la Nena Delgado. Porque hablar de comedia, es hablar de la Nena Delgado\u201d, enfatiz\u00f3.<\/p>\n\n\n\n<p>\u201cEres sin\u00f3nimo de la profunda conexi\u00f3n que has forjado del teatro con el p\u00fablico regiomontano y con la comunidad en general. Eres ejemplo genuino y perdurable y te has consolidado como un \u00edcono que ha trascendido generaciones\u201d, agreg\u00f3.<\/p>\n\n\n\n<p>Por su parte, la Nena Delgado, quien estuvo acompa\u00f1ada por sus hijos Crist\u00f3bal, Fernando, Luisa y su nieta Fernanda, asegur\u00f3 que uno de los retos m\u00e1s grandes que ha enfrentado en su vida, es la falta de p\u00fablico durante la presentaci\u00f3n de la obra \u00b4Un amante autorizado\u00b4,<\/p>\n\n\n\n<p>\u201cMe han hecho muchos reconocimientos, pero faltaba el Congreso, voy a seguir en los escenarios, a seguir preparando a los actores de Monterrey para seguir siendo, como toda la vida lo ha sido la segunda capital del teatro en toda la Rep\u00fablica\u201d, manifest\u00f3 la actriz.<\/p>\n\n\n\n<p>\u201cUna vez estrenamos una obra que se llamaba \u00b4Un amante autorizado\u00b4, con teatro lleno con todos los directores de Monterrey, y al d\u00eda siguiente, no se vendi\u00f3 ning\u00fan boleto, porque no ten\u00edamos con que pagar la publicad\u201d, record\u00f3.<\/p>\n\n\n\n<p>Las Diputadas, Diputados y el p\u00fablico presente ovacionaron de pie y con un minuto de aplausos a la Nena Delgado, por sus 63 a\u00f1os de trayectoria art\u00edstica.<\/p>\n","protected":false},"excerpt":{"rendered":"<p>El Congreso del Estado realiz\u00f3 un Espacio Solemne para homenajear y entregar un reconocimiento a la actriz Trinidad Delgado Valero, mejor conocida como \u201cNena Delgado\u201d, por sus 63 a\u00f1os de trayectoria art\u00edstica, a petici\u00f3n de la Diputada local del PRI, Ivonne \u00c1lvarez Garc\u00eda. En el marco del mes donde se conmemora el D\u00eda Internacional de [&hellip;]<\/p>\n","protected":false},"author":1,"featured_media":132941,"comment_status":"open","ping_status":"open","sticky":true,"template":"","format":"standard","meta":{"footnotes":""},"categories":[14,6],"tags":[],"_links":{"self":[{"href":"https:\/\/diariodigitalmx.com\/index.php\/wp-json\/wp\/v2\/posts\/132926"}],"collection":[{"href":"https:\/\/diariodigitalmx.com\/index.php\/wp-json\/wp\/v2\/posts"}],"about":[{"href":"https:\/\/diariodigitalmx.com\/index.php\/wp-json\/wp\/v2\/types\/post"}],"author":[{"embeddable":true,"href":"https:\/\/diariodigitalmx.com\/index.php\/wp-json\/wp\/v2\/users\/1"}],"replies":[{"embeddable":true,"href":"https:\/\/diariodigitalmx.com\/index.php\/wp-json\/wp\/v2\/comments?post=132926"}],"version-history":[{"count":2,"href":"https:\/\/diariodigitalmx.com\/index.php\/wp-json\/wp\/v2\/posts\/132926\/revisions"}],"predecessor-version":[{"id":132945,"href":"https:\/\/diariodigitalmx.com\/index.php\/wp-json\/wp\/v2\/posts\/132926\/revisions\/132945"}],"wp:featuredmedia":[{"embeddable":true,"href":"https:\/\/diariodigitalmx.com\/index.php\/wp-json\/wp\/v2\/media\/132941"}],"wp:attachment":[{"href":"https:\/\/diariodigitalmx.com\/index.php\/wp-json\/wp\/v2\/media?parent=132926"}],"wp:term":[{"taxonomy":"category","embeddable":true,"href":"https:\/\/diariodigitalmx.com\/index.php\/wp-json\/wp\/v2\/categories?post=132926"},{"taxonomy":"post_tag","embeddable":true,"href":"https:\/\/diariodigitalmx.com\/index.php\/wp-json\/wp\/v2\/tags?post=132926"}],"curies":[{"name":"wp","href":"https:\/\/api.w.org\/{rel}","templated":true}]}}