{"id":132928,"date":"2025-03-26T21:42:19","date_gmt":"2025-03-27T03:42:19","guid":{"rendered":"https:\/\/diariodigitalmx.com\/?p=132928"},"modified":"2025-03-26T21:44:08","modified_gmt":"2025-03-27T03:44:08","slug":"lanza-monterrey-campana-de-reclutamiento-policial-para-el-resto-del-ano","status":"publish","type":"post","link":"https:\/\/diariodigitalmx.com\/index.php\/2025\/03\/26\/lanza-monterrey-campana-de-reclutamiento-policial-para-el-resto-del-ano\/","title":{"rendered":"Lanza Monterrey campa\u00f1a de reclutamiento policial para el resto del a\u00f1o"},"content":{"rendered":"\n<p><\/p>\n\n\n\n<p>\u00b7\u00a0\u00a0\u00a0\u00a0\u00a0\u00a0\u00a0\u00a0\u00a0<em>Presenta Adri\u00e1n de la Garza nueva imagen de la Polic\u00eda Regia, ahora las patrullas y los uniformes ser\u00e1n negros<\/em><\/p>\n\n\n\n<p>Con una nueva identidad, la Polic\u00eda de Monterrey inici\u00f3 un ciclo de fortalecimiento del recurso humano, tecnol\u00f3gico y financiero, anunci\u00f3 el alcalde Adri\u00e1n de la Garza<\/p>\n\n\n\n<p>Al dar a conocer la imagen renovada de la corporaci\u00f3n, tambi\u00e9n anunci\u00f3 el arranque de una campa\u00f1a de reclutamiento durante el resto del a\u00f1o, que coadyuvar\u00e1 al proyecto de mantenerla como la mejor Polic\u00eda del pa\u00eds en preparaci\u00f3n de elementos y de resultados.<\/p>\n\n\n\n<p>\u201cHemos visto la reacci\u00f3n de la polic\u00eda de Monterrey con una alta preparaci\u00f3n donde nos ha permitido salir avante y, sobre todo, salir con actuaciones muy dignas de reconocerse, no nada m\u00e1s por su valent\u00eda, por su vocaci\u00f3n de polic\u00eda sino por la forma y preparaci\u00f3n en la que han reaccionado nuestros polic\u00edas\u2026. ver que est\u00e1n profesionalmente capacitados para poder reaccionar ante cualquier eventualidad para proteger y servir a los ciudadanos de Monterrey\u201d, enfatiz\u00f3.<\/p>\n\n\n\n<p>Sobre el color negro en patrullas y uniformes destac\u00f3 que la nueva cara de la corporaci\u00f3n generar\u00e1 una fuerte presencia en la ciudadan\u00eda, adem\u00e1s de demostrar la disciplina, la seriedad y la vocaci\u00f3n de proteger y servir.<\/p>\n\n\n\n<p>\u201cEsta no es una imagen de una administraci\u00f3n, no tiene ning\u00fan color pol\u00edtico, ni de ninguna naturaleza, lo que busca es hacer una fuerte presencia de polic\u00eda, sensaci\u00f3n de seguridad, porque tambi\u00e9n transmite eso en el tema de prevenci\u00f3n\u201d, detall\u00f3.<\/p>\n\n\n\n<p>Con este cambio, el recurso humano y material que integran a la Polic\u00eda Regia estar\u00e1 acorde al programa insignia ESCUDO, de seguridad con inteligencia y fuerza con profesionalizaci\u00f3n.&nbsp;<\/p>\n\n\n\n<p>RECLUTAMIENTO<\/p>\n\n\n\n<p>Adri\u00e1n de la Garza invit\u00f3 a hombres y mujeres a formar parte de la mejor polic\u00eda del pa\u00eds, que ofrece preparaci\u00f3n continua, salarios competitivos y prestaciones superiores a las de otras ciudades.<\/p>\n\n\n\n<p>Explic\u00f3 que la necesidad de m\u00e1s agentes del orden nace de la solicitud de los regiomontanos para que sea el municipio el que se encargue de la seguridad de todo el territorio, ya que actualmente s\u00f3lo vigila el 40 por ciento.<\/p>\n\n\n\n<p>Desde la capacitaci\u00f3n, los cadetes reciben un sueldo fijo; al graduarse su salario integral es de 25 mil pesos mensuales, incluye un bono por riesgo, otro por desempe\u00f1o fijo y uno m\u00e1s por desempe\u00f1o variable.<\/p>\n\n\n\n<p>Como existe la oportunidad de escalar grados, conforme avancen en la carrera los sueldos tambi\u00e9n se incrementan.<\/p>\n\n\n\n<p>Adem\u00e1s, se les ofrece servicio m\u00e9dico, 20 d\u00edas de vacaciones, 86 por ciento de prima vacacional, 45 d\u00edas de aguinaldo, cr\u00e9dito de vivienda Infonavit, guarder\u00eda 24\/7 y capacitaci\u00f3n continua, as\u00ed como oportunidades educativas para sus hijos.<\/p>\n\n\n\n<p>En caso de fallecimiento, se entrega un seguro de vida, se apoya a los deudos con gastos funerarios, se otorga 100 por ciento de apoyo escolar para descendientes menores de 23 a\u00f1os y apoyo econ\u00f3mico a la viuda.<\/p>\n\n\n\n<p>Los interesados pueden inscribirse mediante tres modalidades:<\/p>\n\n\n\n<p>\u00b7&nbsp;&nbsp;&nbsp;&nbsp;&nbsp;&nbsp;&nbsp;&nbsp;&nbsp;Presencial, en cualquiera de los m\u00f3dulos de reclutamiento.<\/p>\n\n\n\n<p>\u00b7&nbsp;&nbsp;&nbsp;&nbsp;&nbsp;&nbsp;&nbsp;&nbsp;&nbsp;En l\u00ednea, en el portal oficial&nbsp;<a href=\"http:\/\/www.monterrey.gob.mx\/\" target=\"_blank\" rel=\"noreferrer noopener\">www.monterrey.gob.mx<\/a><\/p>\n\n\n\n<p>\u00b7&nbsp;&nbsp;&nbsp;&nbsp;&nbsp;&nbsp;&nbsp;&nbsp;&nbsp;Telef\u00f3nico: en los n\u00fameros 815102-6750 y terminaciones 51, 52 y 53.<\/p>\n\n\n\n<p>Por cualquiera de estos medios deber\u00e1n recibir un registro con el que se les indicar\u00e1 la fecha y hora para presentarse en la Academia municipal a la primera pl\u00e1tica y entrevista.<\/p>\n\n\n\n<p>La oportunidad de servir y conformar una ciudad de paz, as\u00ed como de prepararse intelectual, mental y f\u00edsicamente en lo sucesivo es para hombres y mujeres en edad de 19 a 35 a\u00f1os, saludables, de moral y conducta reconocida y con aspiraciones de marcar la diferencia en la comunidad.<\/p>\n\n\n\n<p>\u201cVamos firmes para poder resolver y sobre todo cumplir nuestra promesa de campa\u00f1a que era que la seguridad de todos los ciudadanos de Monterrey, yo me voy a encargar de que la gente de Monterrey se sienta tranquila, se sienta segura y vamos a darle resultado a toda la gente de Monterrey\u201d, puntualiz\u00f3.<\/p>\n","protected":false},"excerpt":{"rendered":"<p>\u00b7\u00a0\u00a0\u00a0\u00a0\u00a0\u00a0\u00a0\u00a0\u00a0Presenta Adri\u00e1n de la Garza nueva imagen de la Polic\u00eda Regia, ahora las patrullas y los uniformes ser\u00e1n negros Con una nueva identidad, la Polic\u00eda de Monterrey inici\u00f3 un ciclo de fortalecimiento del recurso humano, tecnol\u00f3gico y financiero, anunci\u00f3 el alcalde Adri\u00e1n de la Garza Al dar a conocer la imagen renovada de la corporaci\u00f3n, [&hellip;]<\/p>\n","protected":false},"author":1,"featured_media":132930,"comment_status":"open","ping_status":"open","sticky":true,"template":"","format":"standard","meta":{"footnotes":""},"categories":[14,6],"tags":[],"_links":{"self":[{"href":"https:\/\/diariodigitalmx.com\/index.php\/wp-json\/wp\/v2\/posts\/132928"}],"collection":[{"href":"https:\/\/diariodigitalmx.com\/index.php\/wp-json\/wp\/v2\/posts"}],"about":[{"href":"https:\/\/diariodigitalmx.com\/index.php\/wp-json\/wp\/v2\/types\/post"}],"author":[{"embeddable":true,"href":"https:\/\/diariodigitalmx.com\/index.php\/wp-json\/wp\/v2\/users\/1"}],"replies":[{"embeddable":true,"href":"https:\/\/diariodigitalmx.com\/index.php\/wp-json\/wp\/v2\/comments?post=132928"}],"version-history":[{"count":1,"href":"https:\/\/diariodigitalmx.com\/index.php\/wp-json\/wp\/v2\/posts\/132928\/revisions"}],"predecessor-version":[{"id":132929,"href":"https:\/\/diariodigitalmx.com\/index.php\/wp-json\/wp\/v2\/posts\/132928\/revisions\/132929"}],"wp:featuredmedia":[{"embeddable":true,"href":"https:\/\/diariodigitalmx.com\/index.php\/wp-json\/wp\/v2\/media\/132930"}],"wp:attachment":[{"href":"https:\/\/diariodigitalmx.com\/index.php\/wp-json\/wp\/v2\/media?parent=132928"}],"wp:term":[{"taxonomy":"category","embeddable":true,"href":"https:\/\/diariodigitalmx.com\/index.php\/wp-json\/wp\/v2\/categories?post=132928"},{"taxonomy":"post_tag","embeddable":true,"href":"https:\/\/diariodigitalmx.com\/index.php\/wp-json\/wp\/v2\/tags?post=132928"}],"curies":[{"name":"wp","href":"https:\/\/api.w.org\/{rel}","templated":true}]}}