{"id":132952,"date":"2025-03-26T23:13:10","date_gmt":"2025-03-27T05:13:10","guid":{"rendered":"https:\/\/diariodigitalmx.com\/?p=132952"},"modified":"2025-03-27T10:41:33","modified_gmt":"2025-03-27T16:41:33","slug":"realiza-congreso-mesa-de-trabajo-de-obligaciones-alimentarias","status":"publish","type":"post","link":"https:\/\/diariodigitalmx.com\/index.php\/2025\/03\/26\/realiza-congreso-mesa-de-trabajo-de-obligaciones-alimentarias\/","title":{"rendered":"Realiza Congreso Mesa de Trabajo de Obligaciones Alimentarias"},"content":{"rendered":"\n<p>A propuesta de la Diputada de Acci\u00f3n Nacional, Myrna Grimaldo Iracheta el Congreso del Estado realiz\u00f3 una Mesa de Trabajo sobre deudores alimentarios.<\/p>\n\n\n\n<p>La din\u00e1mica fue organizada por las comisiones unidas de Legislaci\u00f3n, Justicia y Familia.<\/p>\n\n\n\n<p>&#8220;Es un tema verdaderamente fundamental para el bienestar integral de los menores en todos los aspectos porque un menor requiere salud, requiere educaci\u00f3n, requiere alimento, requiere vivienda y todo esto como est\u00e1 conformada la familia lo provee principalmente el tutor que es el padre entonces en har\u00e1s de darle continuidad y dejar bien asentado el tema de los deudores alimentarios una servidora promovi\u00f3 la realizaci\u00f3n de esta Mesa de Trabajo&#8221;, explic\u00f3 Myrna Grimaldo.<\/p>\n\n\n\n<p>Se anunci\u00f3 la realizaci\u00f3n de otra Mesa de Trabajo con car\u00e1cter m\u00e1s t\u00e9cnico con representantes de las \u00e1reas involucradas.<\/p>\n\n\n\n<p>&#8220;Vamos a tomar diferentes mesas, son alrededor de ocho a diez iniciativas las que tenemos ubicadas, tenemos que rebotar temas con el Instituto Estatal Electoral, con la Fiscal\u00eda, con el Poder Judicial, con las diferentes \u00e1reas que est\u00e1n involucradas&#8221;, indic\u00f3 Claudia Caballero, Presidenta de la Comisi\u00f3n de Legislaci\u00f3n del Congreso del Estado.<\/p>\n\n\n\n<p>Entre las leyes que est\u00e1n dentro del estudio del tema para la elaboraci\u00f3n de un registro estatal de deudores se encuentran el C\u00f3digo Civil, C\u00f3digo Penal, la Ley Electoral, la Ley de Violencia Familiar, la Ley de Acceso a las Mujeres a una Vida sin Violencia y la Ley de Ni\u00f1as, Ni\u00f1os y Adolescentes.<\/p>\n","protected":false},"excerpt":{"rendered":"<p>A propuesta de la Diputada de Acci\u00f3n Nacional, Myrna Grimaldo Iracheta el Congreso del Estado realiz\u00f3 una Mesa de Trabajo sobre deudores alimentarios. La din\u00e1mica fue organizada por las comisiones unidas de Legislaci\u00f3n, Justicia y Familia. &#8220;Es un tema verdaderamente fundamental para el bienestar integral de los menores en todos los aspectos porque un menor [&hellip;]<\/p>\n","protected":false},"author":1,"featured_media":132954,"comment_status":"open","ping_status":"open","sticky":true,"template":"","format":"standard","meta":{"footnotes":""},"categories":[14,6],"tags":[],"_links":{"self":[{"href":"https:\/\/diariodigitalmx.com\/index.php\/wp-json\/wp\/v2\/posts\/132952"}],"collection":[{"href":"https:\/\/diariodigitalmx.com\/index.php\/wp-json\/wp\/v2\/posts"}],"about":[{"href":"https:\/\/diariodigitalmx.com\/index.php\/wp-json\/wp\/v2\/types\/post"}],"author":[{"embeddable":true,"href":"https:\/\/diariodigitalmx.com\/index.php\/wp-json\/wp\/v2\/users\/1"}],"replies":[{"embeddable":true,"href":"https:\/\/diariodigitalmx.com\/index.php\/wp-json\/wp\/v2\/comments?post=132952"}],"version-history":[{"count":2,"href":"https:\/\/diariodigitalmx.com\/index.php\/wp-json\/wp\/v2\/posts\/132952\/revisions"}],"predecessor-version":[{"id":132971,"href":"https:\/\/diariodigitalmx.com\/index.php\/wp-json\/wp\/v2\/posts\/132952\/revisions\/132971"}],"wp:featuredmedia":[{"embeddable":true,"href":"https:\/\/diariodigitalmx.com\/index.php\/wp-json\/wp\/v2\/media\/132954"}],"wp:attachment":[{"href":"https:\/\/diariodigitalmx.com\/index.php\/wp-json\/wp\/v2\/media?parent=132952"}],"wp:term":[{"taxonomy":"category","embeddable":true,"href":"https:\/\/diariodigitalmx.com\/index.php\/wp-json\/wp\/v2\/categories?post=132952"},{"taxonomy":"post_tag","embeddable":true,"href":"https:\/\/diariodigitalmx.com\/index.php\/wp-json\/wp\/v2\/tags?post=132952"}],"curies":[{"name":"wp","href":"https:\/\/api.w.org\/{rel}","templated":true}]}}