{"id":133021,"date":"2025-03-28T10:22:16","date_gmt":"2025-03-28T16:22:16","guid":{"rendered":"https:\/\/diariodigitalmx.com\/?p=133021"},"modified":"2025-03-28T10:28:15","modified_gmt":"2025-03-28T16:28:15","slug":"estacion-mitras-y-penarol-campeones-dominicales-en-el-futbol-7-de-casabella","status":"publish","type":"post","link":"https:\/\/diariodigitalmx.com\/index.php\/2025\/03\/28\/estacion-mitras-y-penarol-campeones-dominicales-en-el-futbol-7-de-casabella\/","title":{"rendered":"Estaci\u00f3n Mitras y Pe\u00f1arol campeones dominicales en el f\u00fatbol 7 de CasaBella"},"content":{"rendered":"\n<figure class=\"wp-block-image size-large\"><img loading=\"lazy\" decoding=\"async\" width=\"1024\" height=\"683\" src=\"https:\/\/diariodigitalmx.com\/wp-content\/uploads\/2025\/03\/penatol-campeon-copa-1024x683.jpg\" alt=\"\" class=\"wp-image-133027\" srcset=\"https:\/\/diariodigitalmx.com\/wp-content\/uploads\/2025\/03\/penatol-campeon-copa-1024x683.jpg 1024w, https:\/\/diariodigitalmx.com\/wp-content\/uploads\/2025\/03\/penatol-campeon-copa-300x200.jpg 300w, https:\/\/diariodigitalmx.com\/wp-content\/uploads\/2025\/03\/penatol-campeon-copa-768x512.jpg 768w, https:\/\/diariodigitalmx.com\/wp-content\/uploads\/2025\/03\/penatol-campeon-copa-1536x1024.jpg 1536w, https:\/\/diariodigitalmx.com\/wp-content\/uploads\/2025\/03\/penatol-campeon-copa-2048x1365.jpg 2048w\" sizes=\"(max-width: 1024px) 100vw, 1024px\" \/><\/figure>\n\n\n\n<p>*Los \u201cmaquinistas\u201d derrotan en penales 4-3 a los del Protec en la final de Liga, mientras que los \u201curuguayos\u201d se imponen 3-2 a la Academia FC y se lleva el t\u00edtulo de Copa<br>Por: Ra\u00fal E. Guevara Ortiz.- Saboreando dos suculentos platillos llenos de pasi\u00f3n, garra y mucha calidad futbol\u00edstica, la Liga CasaBella continu\u00f3 su celebraci\u00f3n del 30 Aniversario, con los encuentros finales del torneo dominical de f\u00fatbol 7, donde los equipos de Estaci\u00f3n Mitras y Pe\u00f1arol conquistaron los t\u00edtulos de Liga y Copa.<br>Vistiendo desde la finalizaci\u00f3n del encuentro un nuevo de \u201cTricampe\u00f3n\u201d, los de la Estaci\u00f3n Mitras dieron cuenta de la escuadra de Protec a quienes luego de un cerrado empate de 1-1, los dejaron tendidos en el flamante sint\u00e9tico, al derrotarlos 4-3 en la tanda de tiros penales, manteniendo con ello su etiqueta de campe\u00f3n defensor.<br>Las acciones se llevaron a cabo con un grader\u00edo abarrotado, como ya es costumbre en La Catedral, donde los dos equipos trataban de ser los primeros en hacerse presente en el marcador, situaci\u00f3n que favoreci\u00f3 a los \u201cmaquinistas urbanos\u201d quienes por conducto de Jes\u00fas Franco despu\u00e9s de mucho insistir a lo largo del primer tiempo coloc\u00f3 a su equipo adelante con el 1-0.<\/p>\n\n\n\n<figure class=\"wp-block-image size-large\"><img loading=\"lazy\" decoding=\"async\" width=\"1024\" height=\"683\" src=\"https:\/\/diariodigitalmx.com\/wp-content\/uploads\/2025\/03\/IMG_7676-1024x683.jpg\" alt=\"\" class=\"wp-image-133028\" srcset=\"https:\/\/diariodigitalmx.com\/wp-content\/uploads\/2025\/03\/IMG_7676-1024x683.jpg 1024w, https:\/\/diariodigitalmx.com\/wp-content\/uploads\/2025\/03\/IMG_7676-300x200.jpg 300w, https:\/\/diariodigitalmx.com\/wp-content\/uploads\/2025\/03\/IMG_7676-768x512.jpg 768w, https:\/\/diariodigitalmx.com\/wp-content\/uploads\/2025\/03\/IMG_7676-1536x1024.jpg 1536w, https:\/\/diariodigitalmx.com\/wp-content\/uploads\/2025\/03\/IMG_7676-2048x1365.jpg 2048w\" sizes=\"(max-width: 1024px) 100vw, 1024px\" \/><\/figure>\n\n\n\n<p>Vinieron entonces intensos momentos de peligro constante en el flamante sint\u00e9tico de CasaBella, con un equipo de Estaci\u00f3n Mitras tratando de incrementar la ventaja y un Protec buscando la igualada y remontada, situaci\u00f3n que llev\u00f3 a ambas escuadras hasta el minuto 19 de la parte complementaria, donde solo un goleador de la talla de Jimmy Ch\u00e1vez pudo haber metido m\u00e1s emoci\u00f3n a la gran final de Liga al poner el 1-1 que mandaba la definici\u00f3n desde el punto penal definitivo para sacar al nuevo monarca.<br>Sin embargo la certera punter\u00eda de los del Estaci\u00f3n Mitras los llevar\u00eda a la conquista del Tricampeonato dominical gracias a Juan Carlos Ortiz, Luis Ba\u00f1uelos y Jorge Ortega quienes anotaron en sus respectivos turnos, mientras que por parte del Protec, solo Jimmy Ch\u00e1vez y Juan Carlos Mart\u00ednez har\u00edan lo propio pero insuficiente para un marcador de 4-3 en favor de su rival.<br>Previo al encuentro de la final de Liga, los equipos de Pe\u00f1arol y Academia FC, calentaron el ambiente futbolero, al protagonizar el juego de campeonato de Copa dentro del torneo organizado por la Liga CasaBella.<\/p>\n\n\n\n<figure class=\"wp-block-image size-large\"><img loading=\"lazy\" decoding=\"async\" width=\"1024\" height=\"683\" src=\"https:\/\/diariodigitalmx.com\/wp-content\/uploads\/2025\/03\/IMG_7724-1-1024x683.jpg\" alt=\"\" class=\"wp-image-133029\" srcset=\"https:\/\/diariodigitalmx.com\/wp-content\/uploads\/2025\/03\/IMG_7724-1-1024x683.jpg 1024w, https:\/\/diariodigitalmx.com\/wp-content\/uploads\/2025\/03\/IMG_7724-1-300x200.jpg 300w, https:\/\/diariodigitalmx.com\/wp-content\/uploads\/2025\/03\/IMG_7724-1-768x512.jpg 768w, https:\/\/diariodigitalmx.com\/wp-content\/uploads\/2025\/03\/IMG_7724-1-1536x1024.jpg 1536w, https:\/\/diariodigitalmx.com\/wp-content\/uploads\/2025\/03\/IMG_7724-1-2048x1365.jpg 2048w\" sizes=\"(max-width: 1024px) 100vw, 1024px\" \/><\/figure>\n\n\n\n<p>Fueron los \u201curuguayos\u201d, los primeros en darle movimiento al marcador cuando por conducto de Alberto Tijerina se pusieron adelante 1-0 desconcertando por completo a unos \u201cacad\u00e9micos\u201d que a\u00fan no se acomodaban en el sint\u00e9tico.<br>Dos anotaciones de Airon Cuevas por parte del Pe\u00f1arol parec\u00edan que con gran facilidad obtendr\u00edan el t\u00edtulo, pero sacando fuerzas de su \u00faltimo aliento Al\u00e1n Mart\u00ednez y Eduardo Reyes metieron a la pelea a los de la Academia con un 3-2 que presagiaba la definici\u00f3n del t\u00edtulo desde el punto penal, pero el \u201cdios crono\u201d hizo su aparici\u00f3n en forma puntual, dejando en manos del Pe\u00f1arol la ansiada Copa del f\u00fatbol 7 dominical de la Liga CasaBella.<\/p>\n\n\n","protected":false},"excerpt":{"rendered":"<p>*Los \u201cmaquinistas\u201d derrotan en penales 4-3 a los del Protec en la final de Liga, mientras que los \u201curuguayos\u201d se imponen 3-2 a la Academia FC y se lleva el t\u00edtulo de CopaPor: Ra\u00fal E. Guevara Ortiz.- Saboreando dos suculentos platillos llenos de pasi\u00f3n, garra y mucha calidad futbol\u00edstica, la Liga CasaBella continu\u00f3 su celebraci\u00f3n [&hellip;]<\/p>\n","protected":false},"author":1,"featured_media":133025,"comment_status":"open","ping_status":"open","sticky":true,"template":"","format":"standard","meta":{"footnotes":""},"categories":[8,14],"tags":[],"_links":{"self":[{"href":"https:\/\/diariodigitalmx.com\/index.php\/wp-json\/wp\/v2\/posts\/133021"}],"collection":[{"href":"https:\/\/diariodigitalmx.com\/index.php\/wp-json\/wp\/v2\/posts"}],"about":[{"href":"https:\/\/diariodigitalmx.com\/index.php\/wp-json\/wp\/v2\/types\/post"}],"author":[{"embeddable":true,"href":"https:\/\/diariodigitalmx.com\/index.php\/wp-json\/wp\/v2\/users\/1"}],"replies":[{"embeddable":true,"href":"https:\/\/diariodigitalmx.com\/index.php\/wp-json\/wp\/v2\/comments?post=133021"}],"version-history":[{"count":3,"href":"https:\/\/diariodigitalmx.com\/index.php\/wp-json\/wp\/v2\/posts\/133021\/revisions"}],"predecessor-version":[{"id":133030,"href":"https:\/\/diariodigitalmx.com\/index.php\/wp-json\/wp\/v2\/posts\/133021\/revisions\/133030"}],"wp:featuredmedia":[{"embeddable":true,"href":"https:\/\/diariodigitalmx.com\/index.php\/wp-json\/wp\/v2\/media\/133025"}],"wp:attachment":[{"href":"https:\/\/diariodigitalmx.com\/index.php\/wp-json\/wp\/v2\/media?parent=133021"}],"wp:term":[{"taxonomy":"category","embeddable":true,"href":"https:\/\/diariodigitalmx.com\/index.php\/wp-json\/wp\/v2\/categories?post=133021"},{"taxonomy":"post_tag","embeddable":true,"href":"https:\/\/diariodigitalmx.com\/index.php\/wp-json\/wp\/v2\/tags?post=133021"}],"curies":[{"name":"wp","href":"https:\/\/api.w.org\/{rel}","templated":true}]}}