{"id":133035,"date":"2025-03-28T12:50:34","date_gmt":"2025-03-28T18:50:34","guid":{"rendered":"https:\/\/diariodigitalmx.com\/?p=133035"},"modified":"2025-03-28T12:52:42","modified_gmt":"2025-03-28T18:52:42","slug":"rodear-para-estar-seguros","status":"publish","type":"post","link":"https:\/\/diariodigitalmx.com\/index.php\/2025\/03\/28\/rodear-para-estar-seguros\/","title":{"rendered":"Rodear para estar \u201cseguros\u201d\u2026"},"content":{"rendered":"\n<p>Cosas del Tony<\/p>\n\n\n\n<p>Por: Antonio S\u00e1nchez R.<\/p>\n\n\n\n<p>La mera verdad que de repente, pareciera que a algunos ejemplares de la \u201cfauna pol\u00edtica\u201d no les fue muy bien en eso de la repartici\u00f3n de neuronas y no s\u00f3lo los encontramos en el gobierno estatal, sino tambi\u00e9n hacia arriba o hacia abajo, esto es, tanto a nivel federal como en el municipal existen casos realmente pat\u00e9ticos en eso de la falta de conocimientos reales en torno a la funci\u00f3n p\u00fablica.<\/p>\n\n\n\n<p>Se supone que cada tres o seis a\u00f1os, los gobernantes en turno, elegidos por los ciudadanos, llevan a cabo una exhaustiva labor de selecci\u00f3n de aquellos que se convertir\u00e1n en sus colaboradores, casi casi en la extensi\u00f3n de sus ojos, boca, o\u00eddos o hasta manos.<\/p>\n\n\n\n<p>Pero desafortunadamente en muchos de los casos terminan siendo sus ojos, boca y o\u00eddos solo para que les mantengan al tanto de las \u201cgrillas\u201d en contra del \u201cjefe\u201d y las manos\u2026, \u00bflas manos?, bueno, esas servir\u00e1n cuando se decidan a servirse con la cuchara grande una buena dotaci\u00f3n del presupuesto que les hayan asignado. As\u00ed funciona, por lo regular, aunque de repente surgen por ah\u00ed esas excepciones que confirman la regla.<\/p>\n\n\n\n<p>Existe un caso en particular que dio mucho de qu\u00e9 hablar no hace mucho. Un funcionario estatal result\u00f3 ser un verdaderos \u201cgenio\u201d en eso de inventar estrategias de seguridad para cuidar la integridad de los ciudadanos, sobre todo la de quienes tienen qu\u00e9 viajar por carretera a McAllen y utilizan la autopista a Reynosa.<\/p>\n\n\n\n<p>Aunque usted no lo crea, el gobierno de Nuevo Le\u00f3n plante\u00f3 como soluci\u00f3n el no transitar por dicha autopista, para evitar los hechos de inseguridad, en donde ya varias familias nuevoleonesas han sido v\u00edctimas de robo y extorsi\u00f3n por parte de integrantes de la delincuencia organizada.<\/p>\n\n\n\n<p>Fue el mism\u00edsimo Gerardo Escamilla, quien cobra, \u00a1y muy bien!, como Secretario de Seguridad P\u00fablica estatal, quien hizo el exhorto a los habitantes de Nuevo Le\u00f3n para que utilicen la carretera La Gloria-Colombia, para ir hacia Laredo, Texas y de ah\u00ed al destino que hayan seleccionado, para que no se arriesguen a utilizar otras v\u00edas que conducen al pa\u00eds vecino.<\/p>\n\n\n\n<p>Fue en rueda de prensa oficial en donde surgi\u00f3 esta \u201cingeniosa propuesta\u201d por parte de quien encabeza la seguridad en nuestro estado, tras de que una familia fuera enca\u00f1onada por delincuentes para despojarlos de su veh\u00edculo y dem\u00e1s pertenencias, en la autopista a Reynosa, a la altura del municipio de General Bravo.<\/p>\n\n\n\n<p>La \u201csoluci\u00f3n\u201d a la bronca de seguridad, planteada por el funcionario estatal, no cay\u00f3 muy en gracia entre la poblaci\u00f3n, pues seg\u00fan se ha sabido, la mayor parte de los atracos que ocurren por la multi mentada autopista, tienen como escenario el tramo que corresponde a Nuevo Le\u00f3n.<\/p>\n\n\n\n<p>Adem\u00e1s, \u00bfqui\u00e9n asegura que si el flujo de viajantes decide tomar la opci\u00f3n recomendada, los delincuentes no se van a hacer presentes por esos rumbos? Porque, insistimos, la mayor parte de los hechos delictivos que suceden tanto en la autopista a Reynosa como en la de Nuevo Laredo, ocurren en territorio de Nuevo Le\u00f3n. \u00a1Ah!, adem\u00e1s, al parecer el buen Gerardo no tom\u00f3 en cuenta el gran rodeo que se tiene qu\u00e9 dar para llegar a McAllen, Brownsville y dem\u00e1s poblaciones del este texano.<\/p>\n\n\n\n<p>Pero, \u00bfqu\u00e9 podemos esperar de un funcionario que nunca pudo sacar adelante la dependencia que estuvo a su cargo en San Pedro Garza Garc\u00eda, durante la administraci\u00f3n de Miguel Trevi\u00f1o? Porque, por si usted no lo sabe, Gerardo Escamilla fue el responsable de la SSPV sampetrina y se dice que jam\u00e1s pudo sacar la bola del cuadro, convirtiendo el \u00e1rea de seguridad en la peor del \u00e1rea metropolitana\u2026 \u00a1Sopas!<\/p>\n","protected":false},"excerpt":{"rendered":"<p>Cosas del Tony Por: Antonio S\u00e1nchez R. La mera verdad que de repente, pareciera que a algunos ejemplares de la \u201cfauna pol\u00edtica\u201d no les fue muy bien en eso de la repartici\u00f3n de neuronas y no s\u00f3lo los encontramos en el gobierno estatal, sino tambi\u00e9n hacia arriba o hacia abajo, esto es, tanto a nivel [&hellip;]<\/p>\n","protected":false},"author":1,"featured_media":133038,"comment_status":"open","ping_status":"open","sticky":true,"template":"","format":"standard","meta":{"footnotes":""},"categories":[14,12],"tags":[],"_links":{"self":[{"href":"https:\/\/diariodigitalmx.com\/index.php\/wp-json\/wp\/v2\/posts\/133035"}],"collection":[{"href":"https:\/\/diariodigitalmx.com\/index.php\/wp-json\/wp\/v2\/posts"}],"about":[{"href":"https:\/\/diariodigitalmx.com\/index.php\/wp-json\/wp\/v2\/types\/post"}],"author":[{"embeddable":true,"href":"https:\/\/diariodigitalmx.com\/index.php\/wp-json\/wp\/v2\/users\/1"}],"replies":[{"embeddable":true,"href":"https:\/\/diariodigitalmx.com\/index.php\/wp-json\/wp\/v2\/comments?post=133035"}],"version-history":[{"count":1,"href":"https:\/\/diariodigitalmx.com\/index.php\/wp-json\/wp\/v2\/posts\/133035\/revisions"}],"predecessor-version":[{"id":133036,"href":"https:\/\/diariodigitalmx.com\/index.php\/wp-json\/wp\/v2\/posts\/133035\/revisions\/133036"}],"wp:featuredmedia":[{"embeddable":true,"href":"https:\/\/diariodigitalmx.com\/index.php\/wp-json\/wp\/v2\/media\/133038"}],"wp:attachment":[{"href":"https:\/\/diariodigitalmx.com\/index.php\/wp-json\/wp\/v2\/media?parent=133035"}],"wp:term":[{"taxonomy":"category","embeddable":true,"href":"https:\/\/diariodigitalmx.com\/index.php\/wp-json\/wp\/v2\/categories?post=133035"},{"taxonomy":"post_tag","embeddable":true,"href":"https:\/\/diariodigitalmx.com\/index.php\/wp-json\/wp\/v2\/tags?post=133035"}],"curies":[{"name":"wp","href":"https:\/\/api.w.org\/{rel}","templated":true}]}}