{"id":133045,"date":"2025-03-28T22:08:23","date_gmt":"2025-03-29T04:08:23","guid":{"rendered":"https:\/\/diariodigitalmx.com\/?p=133045"},"modified":"2025-03-29T10:58:28","modified_gmt":"2025-03-29T16:58:28","slug":"vive-escobedo-noche-cultural-entre-literatura-y-musica","status":"publish","type":"post","link":"https:\/\/diariodigitalmx.com\/index.php\/2025\/03\/28\/vive-escobedo-noche-cultural-entre-literatura-y-musica\/","title":{"rendered":"Vive Escobedo noche cultural entre literatura y m\u00fasica"},"content":{"rendered":"\n<figure class=\"wp-block-image size-large\"><img loading=\"lazy\" decoding=\"async\" width=\"1024\" height=\"681\" src=\"https:\/\/diariodigitalmx.com\/wp-content\/uploads\/2025\/03\/5134648662843043570-1024x681.jpg\" alt=\"\" class=\"wp-image-133048\" srcset=\"https:\/\/diariodigitalmx.com\/wp-content\/uploads\/2025\/03\/5134648662843043570-1024x681.jpg 1024w, https:\/\/diariodigitalmx.com\/wp-content\/uploads\/2025\/03\/5134648662843043570-300x199.jpg 300w, https:\/\/diariodigitalmx.com\/wp-content\/uploads\/2025\/03\/5134648662843043570-768x511.jpg 768w, https:\/\/diariodigitalmx.com\/wp-content\/uploads\/2025\/03\/5134648662843043570.jpg 1280w\" sizes=\"(max-width: 1024px) 100vw, 1024px\" \/><\/figure>\n\n\n\n<p>El Municipio de Escobedo vivi\u00f3 una noche diferente, donde la cultura, la literatura y la m\u00fasica se apoderaron de la Ciudad.<\/p>\n\n\n\n<p>Durante este viernes se tuvo la presentaci\u00f3n del libro \u201cAtenci\u00f3n a la Conflictividad local:\u00a0\u00a0Propuestas desde la Justicia Restaurativa\u201d de Jorge Atilano Gonz\u00e1lez Candia y el concierto \u201cDe su pu\u00f1o y letra\u201d donde Dolores Mart\u00ednez deleit\u00f3 a los presentes con la belleza de la m\u00fasica mexicana.<\/p>\n\n\n\n<figure class=\"wp-block-image size-large\"><img loading=\"lazy\" decoding=\"async\" width=\"1024\" height=\"681\" src=\"https:\/\/diariodigitalmx.com\/wp-content\/uploads\/2025\/03\/5134648662843043562-1024x681.jpg\" alt=\"\" class=\"wp-image-133050\" srcset=\"https:\/\/diariodigitalmx.com\/wp-content\/uploads\/2025\/03\/5134648662843043562-1024x681.jpg 1024w, https:\/\/diariodigitalmx.com\/wp-content\/uploads\/2025\/03\/5134648662843043562-300x199.jpg 300w, https:\/\/diariodigitalmx.com\/wp-content\/uploads\/2025\/03\/5134648662843043562-768x511.jpg 768w, https:\/\/diariodigitalmx.com\/wp-content\/uploads\/2025\/03\/5134648662843043562.jpg 1280w\" sizes=\"(max-width: 1024px) 100vw, 1024px\" \/><\/figure>\n\n\n\n<p>En una primera instancia, el Alcalde Andr\u00e9s Mijes present\u00f3 el libro \u201cAtenci\u00f3n a la Conflictividad local:&nbsp;Propuestas desde la Justicia Restaurativa\u201d de Jorge Atilano Gonz\u00e1lez Candia, en el que se destaca la importancia de generar estrategias que impacten favorablemente a las comunidades.<\/p>\n\n\n\n<p>La Casa de la Cultura se convirti\u00f3 en un espacio de reflexi\u00f3n donde se pudo dialogar sobre c\u00f3mo se debe de trabajar para reconstruir el tejido social.<\/p>\n\n\n\n<figure class=\"wp-block-image size-large\"><img loading=\"lazy\" decoding=\"async\" width=\"1024\" height=\"681\" src=\"https:\/\/diariodigitalmx.com\/wp-content\/uploads\/2025\/03\/5134648662843043570-1-1024x681.jpg\" alt=\"\" class=\"wp-image-133051\" srcset=\"https:\/\/diariodigitalmx.com\/wp-content\/uploads\/2025\/03\/5134648662843043570-1-1024x681.jpg 1024w, https:\/\/diariodigitalmx.com\/wp-content\/uploads\/2025\/03\/5134648662843043570-1-300x199.jpg 300w, https:\/\/diariodigitalmx.com\/wp-content\/uploads\/2025\/03\/5134648662843043570-1-768x511.jpg 768w, https:\/\/diariodigitalmx.com\/wp-content\/uploads\/2025\/03\/5134648662843043570-1.jpg 1280w\" sizes=\"(max-width: 1024px) 100vw, 1024px\" \/><\/figure>\n\n\n\n<p>El Edil ante el autor de esta obra, Jorge Atilano Gonz\u00e1lez Candia, Director&nbsp;Ejecutivo de Dialogo Nacional por la Paz&nbsp;precis\u00f3 que la construcci\u00f3n de la justicia es el acto m\u00e1s generoso que una sociedad puede emprender.<\/p>\n\n\n\n<p>\u201cLa justicia no se puede construir sin tejido social, sin el bordado de los hilos que nos hermanan, sin entender que todos tenemos una responsabilidad compartida en la construcci\u00f3n de la paz\u201d, mencion\u00f3.<\/p>\n\n\n\n<figure class=\"wp-block-image size-full\"><img loading=\"lazy\" decoding=\"async\" width=\"800\" height=\"573\" src=\"https:\/\/diariodigitalmx.com\/wp-content\/uploads\/2025\/03\/5134648662843043538.jpg\" alt=\"\" class=\"wp-image-133052\" srcset=\"https:\/\/diariodigitalmx.com\/wp-content\/uploads\/2025\/03\/5134648662843043538.jpg 800w, https:\/\/diariodigitalmx.com\/wp-content\/uploads\/2025\/03\/5134648662843043538-300x215.jpg 300w, https:\/\/diariodigitalmx.com\/wp-content\/uploads\/2025\/03\/5134648662843043538-768x550.jpg 768w\" sizes=\"(max-width: 800px) 100vw, 800px\" \/><\/figure>\n\n\n\n<p>Por su parte, Jorge Atilano Gonz\u00e1lez&nbsp;reconoci\u00f3 que Escobedo ha logrado focalizar sus esfuerzos para generar ambientes de paz con estrategias innovadoras.<\/p>\n\n\n\n<p>\u201cEl Alcalde que logra hacer equipo con sus autoridades y la comunidad es un Alcalde que que s\u00ed puede trabajar por la paz\u201d, mencion\u00f3 el autor de la obra.<\/p>\n\n\n\n<p>En el evento se cont\u00f3 con la presencia de Alejandra Fern\u00e1ndez, Presidenta de Telar A.C y de Mar\u00eda del Roble Elizondo.<\/p>\n\n\n\n<p>M\u00e1s tarde la Explanada de la Presidencia Municipal fue la sede del ic\u00f3nico concierto, de Dolores Mart\u00ednez, y el Alcalde Andr\u00e9s Mijes dijo que la m\u00fasica resalta la riqueza de nuestras tradiciones mexicanas y el amor que se le debe de tener a la cultura.<\/p>\n\n\n\n<figure class=\"wp-block-image size-large\"><img loading=\"lazy\" decoding=\"async\" width=\"1024\" height=\"681\" src=\"https:\/\/diariodigitalmx.com\/wp-content\/uploads\/2025\/03\/5134648662843043520-1024x681.jpg\" alt=\"\" class=\"wp-image-133053\" srcset=\"https:\/\/diariodigitalmx.com\/wp-content\/uploads\/2025\/03\/5134648662843043520-1024x681.jpg 1024w, https:\/\/diariodigitalmx.com\/wp-content\/uploads\/2025\/03\/5134648662843043520-300x199.jpg 300w, https:\/\/diariodigitalmx.com\/wp-content\/uploads\/2025\/03\/5134648662843043520-768x511.jpg 768w, https:\/\/diariodigitalmx.com\/wp-content\/uploads\/2025\/03\/5134648662843043520.jpg 1280w\" sizes=\"(max-width: 1024px) 100vw, 1024px\" \/><\/figure>\n\n\n\n<p>En su mensaje, el Edil refiri\u00f3 que la 4T Norte\u00f1a se basa en los principios de justicia, igualdad y amor por la cultura; y que con este concierto se reafirma la misi\u00f3n de poner a la gente en el centro, de reivindicar la identidad y honrar la historia.<\/p>\n\n\n\n<p>\u201cEn Nuevo Le\u00f3n creemos en el poder de nuestras ra\u00edces, tal y como lo cree nuestra Presidenta Claudia Sheinbaum Pardo.<\/p>\n\n\n\n<p>Queremos que el arte y la cultura sean accesibles para todos, que nuestras tradiciones se preserven y se enriquezcan, y que el orgullo por ser mexicanos resuene en cada rinc\u00f3n de Nuevo Le\u00f3n\u201d, se\u00f1al\u00f3 el Edil.<\/p>\n\n\n\n<p>A trav\u00e9s de estos espect\u00e1culos, Hugo Espiricueta, Secretario de Cultura, Educaci\u00f3n y Recreaci\u00f3n Social manifest\u00f3 que el Gobierno Municipal busca acercar las artes a los a todos los rincones de Escobedo.<\/p>\n\n\n\n<p>Dolores Mart\u00ednez a trav\u00e9s del espect\u00e1culo \u201cDe su pu\u00f1o y letra\u201d inspirado en el diario de do\u00f1a Manuela Mota de Reyes, esposa del regiomontano universal Alfonso Reyes relat\u00f3 el amor que ten\u00edan estos ic\u00f3nicos personajes por M\u00e9xico.<\/p>\n\n\n\n<p>La cantante mexicana deleit\u00f3 a los presentes con canci\u00f3n como \u201cSo\u00f1\u00f3 mi mente loca\u201d, \u201cLa Valentina\u201d, \u201cLa Paloma\u201d, \u201cLa Bella Lola\u201d, \u201cOjos tapat\u00edos\u201d, por se\u00f1ar algunas.<\/p>\n","protected":false},"excerpt":{"rendered":"<p>El Municipio de Escobedo vivi\u00f3 una noche diferente, donde la cultura, la literatura y la m\u00fasica se apoderaron de la Ciudad. Durante este viernes se tuvo la presentaci\u00f3n del libro \u201cAtenci\u00f3n a la Conflictividad local:\u00a0\u00a0Propuestas desde la Justicia Restaurativa\u201d de Jorge Atilano Gonz\u00e1lez Candia y el concierto \u201cDe su pu\u00f1o y letra\u201d donde Dolores Mart\u00ednez [&hellip;]<\/p>\n","protected":false},"author":1,"featured_media":133047,"comment_status":"open","ping_status":"open","sticky":true,"template":"","format":"standard","meta":{"footnotes":""},"categories":[14,6],"tags":[],"_links":{"self":[{"href":"https:\/\/diariodigitalmx.com\/index.php\/wp-json\/wp\/v2\/posts\/133045"}],"collection":[{"href":"https:\/\/diariodigitalmx.com\/index.php\/wp-json\/wp\/v2\/posts"}],"about":[{"href":"https:\/\/diariodigitalmx.com\/index.php\/wp-json\/wp\/v2\/types\/post"}],"author":[{"embeddable":true,"href":"https:\/\/diariodigitalmx.com\/index.php\/wp-json\/wp\/v2\/users\/1"}],"replies":[{"embeddable":true,"href":"https:\/\/diariodigitalmx.com\/index.php\/wp-json\/wp\/v2\/comments?post=133045"}],"version-history":[{"count":2,"href":"https:\/\/diariodigitalmx.com\/index.php\/wp-json\/wp\/v2\/posts\/133045\/revisions"}],"predecessor-version":[{"id":133054,"href":"https:\/\/diariodigitalmx.com\/index.php\/wp-json\/wp\/v2\/posts\/133045\/revisions\/133054"}],"wp:featuredmedia":[{"embeddable":true,"href":"https:\/\/diariodigitalmx.com\/index.php\/wp-json\/wp\/v2\/media\/133047"}],"wp:attachment":[{"href":"https:\/\/diariodigitalmx.com\/index.php\/wp-json\/wp\/v2\/media?parent=133045"}],"wp:term":[{"taxonomy":"category","embeddable":true,"href":"https:\/\/diariodigitalmx.com\/index.php\/wp-json\/wp\/v2\/categories?post=133045"},{"taxonomy":"post_tag","embeddable":true,"href":"https:\/\/diariodigitalmx.com\/index.php\/wp-json\/wp\/v2\/tags?post=133045"}],"curies":[{"name":"wp","href":"https:\/\/api.w.org\/{rel}","templated":true}]}}