{"id":133055,"date":"2025-03-29T11:00:19","date_gmt":"2025-03-29T17:00:19","guid":{"rendered":"https:\/\/diariodigitalmx.com\/?p=133055"},"modified":"2025-03-29T11:03:42","modified_gmt":"2025-03-29T17:03:42","slug":"localizan-a-ecuatoriana-y-tres-hijos-extraviados","status":"publish","type":"post","link":"https:\/\/diariodigitalmx.com\/index.php\/2025\/03\/29\/localizan-a-ecuatoriana-y-tres-hijos-extraviados\/","title":{"rendered":"Localizan a ecuatoriana y tres hijos extraviados"},"content":{"rendered":"\n<p><br>Una mujer originaria de Ecuador junto con sus tres hijos, fueron localizados por oficiales de la Polic\u00eda de Monterrey, luego de estar extraviados en el centro de la ciudad.<br>Los hechos se registraron a las 16:45 horas en Guerrero y Modesto Arreola.<br>Elementos de la Polic\u00eda de Monterrey realizaban un recorrido de prevenci\u00f3n y vigilancia, cuando personal del C4 les reporta una familia pidiendo ayuda.<br>Al entrevistarse con Ariana Anabel A., de 27 a\u00f1os, mencion\u00f3 que lleg\u00f3 a nuestra ciudad hace cinco meses en compa\u00f1\u00eda de su esposo y sus tres hijos varones: Adiel, Austin y Azram, de siete y cinco a\u00f1os de edad, as\u00ed como de cuatro meses de nacido, respectivamente.<\/p>\n\n\n\n<figure class=\"wp-block-image size-full\"><img loading=\"lazy\" decoding=\"async\" width=\"605\" height=\"561\" src=\"https:\/\/diariodigitalmx.com\/wp-content\/uploads\/2025\/03\/IMG-20250329-WA0062.jpg\" alt=\"\" class=\"wp-image-133059\" srcset=\"https:\/\/diariodigitalmx.com\/wp-content\/uploads\/2025\/03\/IMG-20250329-WA0062.jpg 605w, https:\/\/diariodigitalmx.com\/wp-content\/uploads\/2025\/03\/IMG-20250329-WA0062-300x278.jpg 300w\" sizes=\"(max-width: 605px) 100vw, 605px\" \/><\/figure>\n\n\n\n<p>El d\u00eda de ayer su esposo se fue a buscar trabajo, pero como tard\u00f3 comenzaron a pedir limosna y al pasar las horas y nadie les daba, comenz\u00f3 a llover fuerte por lo que ya no supieron en d\u00f3nde estaban.<br>Fue as\u00ed como solicitaron el apoyo de los oficiales, quienes estuvieron acompa\u00f1ados del personal de la Unidad de Atenci\u00f3n a V\u00edctimas de la Violencia Familiar y de G\u00e9nero (UAVVI), quienes comenzaron con los protocolos de rigor.<br>La ecuatoriana y sus tres peque\u00f1os, quienes no tienen un lugar fijo en la ciudad, fueron trasladados a las instalaciones de la Polic\u00eda de Monterrey, mientras el m\u00e9dico les realiz\u00f3 el dictamen correspondiente.<br>Posteriormente arrib\u00f3 Roberto A., de 27 a\u00f1os de edad, esposo de la dama, quien hab\u00eda comenzado a buscar a su familia, agradeciendo el apoyo de los oficiales y del personal de esta corporaci\u00f3n, retir\u00e1ndose hacia otro sitio.<\/p>\n","protected":false},"excerpt":{"rendered":"<p>Una mujer originaria de Ecuador junto con sus tres hijos, fueron localizados por oficiales de la Polic\u00eda de Monterrey, luego de estar extraviados en el centro de la ciudad.Los hechos se registraron a las 16:45 horas en Guerrero y Modesto Arreola.Elementos de la Polic\u00eda de Monterrey realizaban un recorrido de prevenci\u00f3n y vigilancia, cuando personal [&hellip;]<\/p>\n","protected":false},"author":1,"featured_media":133058,"comment_status":"open","ping_status":"open","sticky":true,"template":"","format":"standard","meta":{"footnotes":""},"categories":[14,7],"tags":[],"_links":{"self":[{"href":"https:\/\/diariodigitalmx.com\/index.php\/wp-json\/wp\/v2\/posts\/133055"}],"collection":[{"href":"https:\/\/diariodigitalmx.com\/index.php\/wp-json\/wp\/v2\/posts"}],"about":[{"href":"https:\/\/diariodigitalmx.com\/index.php\/wp-json\/wp\/v2\/types\/post"}],"author":[{"embeddable":true,"href":"https:\/\/diariodigitalmx.com\/index.php\/wp-json\/wp\/v2\/users\/1"}],"replies":[{"embeddable":true,"href":"https:\/\/diariodigitalmx.com\/index.php\/wp-json\/wp\/v2\/comments?post=133055"}],"version-history":[{"count":2,"href":"https:\/\/diariodigitalmx.com\/index.php\/wp-json\/wp\/v2\/posts\/133055\/revisions"}],"predecessor-version":[{"id":133061,"href":"https:\/\/diariodigitalmx.com\/index.php\/wp-json\/wp\/v2\/posts\/133055\/revisions\/133061"}],"wp:featuredmedia":[{"embeddable":true,"href":"https:\/\/diariodigitalmx.com\/index.php\/wp-json\/wp\/v2\/media\/133058"}],"wp:attachment":[{"href":"https:\/\/diariodigitalmx.com\/index.php\/wp-json\/wp\/v2\/media?parent=133055"}],"wp:term":[{"taxonomy":"category","embeddable":true,"href":"https:\/\/diariodigitalmx.com\/index.php\/wp-json\/wp\/v2\/categories?post=133055"},{"taxonomy":"post_tag","embeddable":true,"href":"https:\/\/diariodigitalmx.com\/index.php\/wp-json\/wp\/v2\/tags?post=133055"}],"curies":[{"name":"wp","href":"https:\/\/api.w.org\/{rel}","templated":true}]}}