{"id":133066,"date":"2025-03-29T22:18:07","date_gmt":"2025-03-30T04:18:07","guid":{"rendered":"https:\/\/diariodigitalmx.com\/?p=133066"},"modified":"2025-03-29T22:19:16","modified_gmt":"2025-03-30T04:19:16","slug":"amonesta-infonl-a-alcaldes-de-cadereyta-y-zuazua-nl","status":"publish","type":"post","link":"https:\/\/diariodigitalmx.com\/index.php\/2025\/03\/29\/amonesta-infonl-a-alcaldes-de-cadereyta-y-zuazua-nl\/","title":{"rendered":"Amonesta INFONL a Alcaldes de Cadereyta y Zuazua, NL"},"content":{"rendered":"\n<p><br>El Pleno del Instituto Estatal de Transparencia, Acceso a la Informaci\u00f3n y Protecci\u00f3n de Datos Personales (INFONL), aplic\u00f3 este d\u00eda un total de cuatro amonestaciones p\u00fablicas y una multa a sujetos obligados que incumplieron las disposiciones de este \u00f3rgano garante.<br>Carlos Rafael Rodr\u00edguez G\u00f3mez, presidente municipal de Cadereyta, se hizo acreedor a dos de las amonestaciones; Elva Deyanira Mart\u00ednez Gonz\u00e1lez, alcaldesa de Zuazua y Jos\u00e9 Fidencio Romo Oyervides, titular de la Unidad de Transparencia de Ci\u00e9nega de Flores tambi\u00e9n se hicieron acreedores a una amonestaci\u00f3n p\u00fablica.<br>El Pleno acord\u00f3 dar vista al superior jer\u00e1rquico de cada sujeto obligado amonestado para que cumplan la resoluci\u00f3n, o de lo contrario, se les aplicar\u00e1 una multa, conforme lo establece la Ley en la materia.<br>Por lo que respecta a la alcaldesa de Zuazua, Elva Deyanira Mart\u00ednez Gonz\u00e1lez, al actualizar la conducta omisiva de no dar respuesta a la solicitud de informaci\u00f3n en los plazos se\u00f1alados, adem\u00e1s de la amonestaci\u00f3n, se le aplic\u00f3 una multa, la cual consiste en 16,285.50 pesos.<br>La sesi\u00f3n fue encabezada por la Consejera Presidenta, Brenda Lizeth Gonz\u00e1lez Lara, y estuvieron tambi\u00e9n las Consejeras y Consejeros, Mar\u00eda Teresa Trevi\u00f1o Fern\u00e1ndez, \u00c1ngeles Guzm\u00e1n Garc\u00eda, Francisco Reynaldo Guajardo y F\u00e9lix Ram\u00edrez Bustillos.<br>En total se desahogaron 23 resoluciones, de los cuales 20 corresponden a Recursos de Revisi\u00f3n, y 3 m\u00e1s a Denuncias de Obligaciones de Transparencia.<br>Del total de resoluciones 12 se propusieron al Pleno para modificaci\u00f3n de respuesta; 5 para sobreseerse, 5 en las cuales se confirma la respuesta y una m\u00e1s en la que se ordena respuesta; adem\u00e1s de 4 amonestaciones p\u00fablicas y 1 multa.<\/p>\n","protected":false},"excerpt":{"rendered":"<p>El Pleno del Instituto Estatal de Transparencia, Acceso a la Informaci\u00f3n y Protecci\u00f3n de Datos Personales (INFONL), aplic\u00f3 este d\u00eda un total de cuatro amonestaciones p\u00fablicas y una multa a sujetos obligados que incumplieron las disposiciones de este \u00f3rgano garante.Carlos Rafael Rodr\u00edguez G\u00f3mez, presidente municipal de Cadereyta, se hizo acreedor a dos de las amonestaciones; [&hellip;]<\/p>\n","protected":false},"author":1,"featured_media":133068,"comment_status":"open","ping_status":"open","sticky":true,"template":"","format":"standard","meta":{"footnotes":""},"categories":[14,6],"tags":[],"_links":{"self":[{"href":"https:\/\/diariodigitalmx.com\/index.php\/wp-json\/wp\/v2\/posts\/133066"}],"collection":[{"href":"https:\/\/diariodigitalmx.com\/index.php\/wp-json\/wp\/v2\/posts"}],"about":[{"href":"https:\/\/diariodigitalmx.com\/index.php\/wp-json\/wp\/v2\/types\/post"}],"author":[{"embeddable":true,"href":"https:\/\/diariodigitalmx.com\/index.php\/wp-json\/wp\/v2\/users\/1"}],"replies":[{"embeddable":true,"href":"https:\/\/diariodigitalmx.com\/index.php\/wp-json\/wp\/v2\/comments?post=133066"}],"version-history":[{"count":1,"href":"https:\/\/diariodigitalmx.com\/index.php\/wp-json\/wp\/v2\/posts\/133066\/revisions"}],"predecessor-version":[{"id":133067,"href":"https:\/\/diariodigitalmx.com\/index.php\/wp-json\/wp\/v2\/posts\/133066\/revisions\/133067"}],"wp:featuredmedia":[{"embeddable":true,"href":"https:\/\/diariodigitalmx.com\/index.php\/wp-json\/wp\/v2\/media\/133068"}],"wp:attachment":[{"href":"https:\/\/diariodigitalmx.com\/index.php\/wp-json\/wp\/v2\/media?parent=133066"}],"wp:term":[{"taxonomy":"category","embeddable":true,"href":"https:\/\/diariodigitalmx.com\/index.php\/wp-json\/wp\/v2\/categories?post=133066"},{"taxonomy":"post_tag","embeddable":true,"href":"https:\/\/diariodigitalmx.com\/index.php\/wp-json\/wp\/v2\/tags?post=133066"}],"curies":[{"name":"wp","href":"https:\/\/api.w.org\/{rel}","templated":true}]}}