{"id":133110,"date":"2025-03-30T16:59:44","date_gmt":"2025-03-30T22:59:44","guid":{"rendered":"https:\/\/diariodigitalmx.com\/?p=133110"},"modified":"2025-03-30T17:00:42","modified_gmt":"2025-03-30T23:00:42","slug":"muy-grave-que-el-gobierno-tenga-acceso-a-registros-telefonicos-de-cualquier-ciudadano-ruben-moreira","status":"publish","type":"post","link":"https:\/\/diariodigitalmx.com\/index.php\/2025\/03\/30\/muy-grave-que-el-gobierno-tenga-acceso-a-registros-telefonicos-de-cualquier-ciudadano-ruben-moreira\/","title":{"rendered":"Muy grave que el gobierno tenga acceso a registros telef\u00f3nicos de cualquier ciudadano;: Rub\u00e9n Moreira"},"content":{"rendered":"\n<figure class=\"wp-block-table\"><table><tbody><tr><td><\/td><\/tr><\/tbody><\/table><\/figure>\n\n\n\n<figure class=\"wp-block-table\"><table><tbody><tr><td>Es muy grave que el Gobierno federal vaya a tener acceso a los datos biom\u00e9tricos de todos los mexicanos, pero lo es m\u00e1s que lo tenga a los registros telef\u00f3nicos, con los que sabr\u00e1 d\u00f3nde estamos, qui\u00e9n nos acompa\u00f1a, con qui\u00e9n hablamos, cu\u00e1ntas veces hablamos, a qu\u00e9 horas subimos a un avi\u00f3n, a qu\u00e9 horas te bajas de un avi\u00f3n, porque todo est\u00e1 registrado, advirti\u00f3 el diputado federal Rub\u00e9n Moreira Valdez.<br>Tras se\u00f1alar que el pr\u00f3ximo martes, en teor\u00eda, se votan la Ley de Seguridad P\u00fablica, y la de Inteligencia para la Seguridad P\u00fablica, previno, que con esta ley la Secretar\u00eda de Seguridad P\u00fablica puede pedir todas las bases de entes p\u00fablicos y privados que existan, sin la participaci\u00f3n de un juez, incluyendo los biom\u00e9tricos los registros de comercio, p\u00fablicos, de casas, patrimoniales, fiscales y adem\u00e1s los registros telef\u00f3nicos.\u00a0<br>En el programa \u201cCon Peras, Manzanas y Naranjas\u201d, el coordinador del Grupo Parlamentario del PRI, acompa\u00f1ado por el economista Mario Di Costanzo, afirm\u00f3 que a veces no nos damos cuenta para d\u00f3nde va este pa\u00eds. \u201cToda esa informaci\u00f3n la van a juntar y la va a tener una entidad que no tiene los est\u00e1ndares de seguridad de otras partes del mundo. Eso es lo que se va a votar\u201d, destac\u00f3 Moreira Valdez.<br><br>Se\u00f1al\u00f3 que esta informaci\u00f3n se podr\u00e1 pedir de cualquier persona, no necesariamente de un delincuente. Explic\u00f3 que en la actualidad un juez es el que autoriza dar este tipo de informaci\u00f3n, pero se solicitan al Ministerio P\u00fablico, no a la Secretar\u00eda de Seguridad, se le dicen al Ministerio P\u00fablico las razones de sospecha de X persona y el juez valora.<br>Adem\u00e1s, expuso el voto en contra del PRI dado que el Art\u00edculo 7 apunta que la Guardia Nacional ser\u00e1 totalmente militar, ya sin formaci\u00f3n civil.<br>Record\u00f3 que estos dict\u00e1menes se han intentado votar dos veces y por alguna raz\u00f3n Morena los quita del orden del d\u00eda. Se\u00f1al\u00f3 que entre lo bueno de estas leyes est\u00e1 el planteamiento de una mayor coordinaci\u00f3n, pero contiene los otros puntos que consider\u00f3 muy malos.\u00a0<br>En su oportunidad, Mario Di Costanzo cuestion\u00f3 c\u00f3mo el Estado o el Gobierno federal podr\u00e1 asegurar que estos datos biom\u00e9tricos no van a ser utilizados, incluso para meterse en las cuentas de banco a trav\u00e9s de un celular y modificar el saldo.\u00a0<\/td><\/tr><\/tbody><\/table><\/figure>\n","protected":false},"excerpt":{"rendered":"<p>Es muy grave que el Gobierno federal vaya a tener acceso a los datos biom\u00e9tricos de todos los mexicanos, pero lo es m\u00e1s que lo tenga a los registros telef\u00f3nicos, con los que sabr\u00e1 d\u00f3nde estamos, qui\u00e9n nos acompa\u00f1a, con qui\u00e9n hablamos, cu\u00e1ntas veces hablamos, a qu\u00e9 horas subimos a un avi\u00f3n, a qu\u00e9 horas [&hellip;]<\/p>\n","protected":false},"author":1,"featured_media":133112,"comment_status":"open","ping_status":"open","sticky":true,"template":"","format":"standard","meta":{"footnotes":""},"categories":[14,2],"tags":[],"_links":{"self":[{"href":"https:\/\/diariodigitalmx.com\/index.php\/wp-json\/wp\/v2\/posts\/133110"}],"collection":[{"href":"https:\/\/diariodigitalmx.com\/index.php\/wp-json\/wp\/v2\/posts"}],"about":[{"href":"https:\/\/diariodigitalmx.com\/index.php\/wp-json\/wp\/v2\/types\/post"}],"author":[{"embeddable":true,"href":"https:\/\/diariodigitalmx.com\/index.php\/wp-json\/wp\/v2\/users\/1"}],"replies":[{"embeddable":true,"href":"https:\/\/diariodigitalmx.com\/index.php\/wp-json\/wp\/v2\/comments?post=133110"}],"version-history":[{"count":2,"href":"https:\/\/diariodigitalmx.com\/index.php\/wp-json\/wp\/v2\/posts\/133110\/revisions"}],"predecessor-version":[{"id":133113,"href":"https:\/\/diariodigitalmx.com\/index.php\/wp-json\/wp\/v2\/posts\/133110\/revisions\/133113"}],"wp:featuredmedia":[{"embeddable":true,"href":"https:\/\/diariodigitalmx.com\/index.php\/wp-json\/wp\/v2\/media\/133112"}],"wp:attachment":[{"href":"https:\/\/diariodigitalmx.com\/index.php\/wp-json\/wp\/v2\/media?parent=133110"}],"wp:term":[{"taxonomy":"category","embeddable":true,"href":"https:\/\/diariodigitalmx.com\/index.php\/wp-json\/wp\/v2\/categories?post=133110"},{"taxonomy":"post_tag","embeddable":true,"href":"https:\/\/diariodigitalmx.com\/index.php\/wp-json\/wp\/v2\/tags?post=133110"}],"curies":[{"name":"wp","href":"https:\/\/api.w.org\/{rel}","templated":true}]}}