{"id":133261,"date":"2025-04-01T22:13:09","date_gmt":"2025-04-02T04:13:09","guid":{"rendered":"https:\/\/diariodigitalmx.com\/?p=133261"},"modified":"2025-04-01T22:48:56","modified_gmt":"2025-04-02T04:48:56","slug":"comparte-mijes-claves-de-la-4t-para-alcanzar-un-crecimiento-equitativo","status":"publish","type":"post","link":"https:\/\/diariodigitalmx.com\/index.php\/2025\/04\/01\/comparte-mijes-claves-de-la-4t-para-alcanzar-un-crecimiento-equitativo\/","title":{"rendered":"Comparte Mijes claves de la 4T para alcanzar un crecimiento equitativo"},"content":{"rendered":"\n<p>El Municipio de Escobedo va por una igualdad sustantiva y este mi\u00e9rcoles lanz\u00f3 \u201cRa\u00edces de Esperanza\u201d, programa con el cual transformar\u00e1 a las comunidades y empoderar\u00e1 al ciudadano a trav\u00e9s de una estrategia transversal que elimine las barreras de desarrollo.<br>El Alcalde Andr\u00e9s Mijes comparti\u00f3 este martes las claves centrales del modelo de la 4T Norte\u00f1a para garantizar un crecimiento equitativo que genere bienestar y prosperidad para todos.<br>Ante miembros de la miembros de la organizaci\u00f3n Vertebra AC liderada por Gabriela Saga\u00f3n S\u00e1nchez, Mijes precis\u00f3 que la 4T Norte\u00f1a es un modelo que demuestra que el crecimiento econ\u00f3mico y la justicia social pueden ir de la mano, asegurando beneficios directos para la poblaci\u00f3n.<\/p>\n\n\n\n<figure class=\"wp-block-image size-full\"><img loading=\"lazy\" decoding=\"async\" width=\"703\" height=\"462\" src=\"https:\/\/diariodigitalmx.com\/wp-content\/uploads\/2025\/04\/Screenshot_20250401_224414_Android-System-1.jpg\" alt=\"\" class=\"wp-image-133286\" srcset=\"https:\/\/diariodigitalmx.com\/wp-content\/uploads\/2025\/04\/Screenshot_20250401_224414_Android-System-1.jpg 703w, https:\/\/diariodigitalmx.com\/wp-content\/uploads\/2025\/04\/Screenshot_20250401_224414_Android-System-1-300x197.jpg 300w\" sizes=\"(max-width: 703px) 100vw, 703px\" \/><\/figure>\n\n\n\n<p>Alineado con el Plan M\u00e9xico de la Presidenta Claudia Sheinbaum, Mijes explic\u00f3 que el Municipio de Escobedo ha fortalecido su apuesta por la inversi\u00f3n y los programas sociales, creando oportunidades para todos.<br>&#8220;Este Modelo la 4T Norte\u00f1a puede servir para solucionar los problemas de Nuevo Le\u00f3n, se necesitan gobiernos pro activos, que nos volvamos facilitadores, que entiendan que lo \u00fanico que debe de hacer los gobiernos es que las oportunidades florezcan y se multipliquen para todos&#8221;, expres\u00f3 el Edil en su presentaci\u00f3n.<br>La generaci\u00f3n de empleo, el impulso a peque\u00f1as y medianas empresas, y la mejora en infraestructura, detall\u00f3 el Alcalde son pilares de esta estrategia que busca compartir la prosperidad de manera equitativa.<\/p>\n\n\n\n<figure class=\"wp-block-image size-large\"><img loading=\"lazy\" decoding=\"async\" width=\"1024\" height=\"681\" src=\"https:\/\/diariodigitalmx.com\/wp-content\/uploads\/2025\/04\/WhatsApp-Image-2025-04-01-at-12.15.36-PM-1024x681.jpeg\" alt=\"\" class=\"wp-image-133288\" srcset=\"https:\/\/diariodigitalmx.com\/wp-content\/uploads\/2025\/04\/WhatsApp-Image-2025-04-01-at-12.15.36-PM-1024x681.jpeg 1024w, https:\/\/diariodigitalmx.com\/wp-content\/uploads\/2025\/04\/WhatsApp-Image-2025-04-01-at-12.15.36-PM-300x199.jpeg 300w, https:\/\/diariodigitalmx.com\/wp-content\/uploads\/2025\/04\/WhatsApp-Image-2025-04-01-at-12.15.36-PM-768x511.jpeg 768w, https:\/\/diariodigitalmx.com\/wp-content\/uploads\/2025\/04\/WhatsApp-Image-2025-04-01-at-12.15.36-PM.jpeg 1280w\" sizes=\"(max-width: 1024px) 100vw, 1024px\" \/><\/figure>\n\n\n\n<p>Ante los ex Gobernadores S\u00f3crates Rizzo Garc\u00eda y Benjam\u00edn Clariond Reyes Retana, quienes acudieron al llamado de Vertebra, Mijes coment\u00f3 que en el Municipio se est\u00e1 trabajado en tres puntos garantizar seguridad, respaldar inversiones y econom\u00eda, adem\u00e1s de compartir prosperidad con la<br>comunidad<br>Escobedo se detall\u00f3 que es un ejemplo de c\u00f3mo la inversi\u00f3n estrat\u00e9gica y las pol\u00edticas sociales pueden transformar comunidades, consolidando un modelo que pone en el centro el bienestar de la poblaci\u00f3n.<br>Durante la reuni\u00f3n se cont\u00f3 con la presencia de Hamlet Castilla, ex Director de Seguridad del Estado, Rircardo Cant\u00fa Jauckens, Luis Gerardo Trevi\u00f1o y Jos\u00e9 Antonio Quiroga, Secretario T\u00e9cnico del Gabinete Municipal.<\/p>\n","protected":false},"excerpt":{"rendered":"<p>El Municipio de Escobedo va por una igualdad sustantiva y este mi\u00e9rcoles lanz\u00f3 \u201cRa\u00edces de Esperanza\u201d, programa con el cual transformar\u00e1 a las comunidades y empoderar\u00e1 al ciudadano a trav\u00e9s de una estrategia transversal que elimine las barreras de desarrollo.El Alcalde Andr\u00e9s Mijes comparti\u00f3 este martes las claves centrales del modelo de la 4T Norte\u00f1a [&hellip;]<\/p>\n","protected":false},"author":1,"featured_media":133285,"comment_status":"open","ping_status":"open","sticky":true,"template":"","format":"standard","meta":{"footnotes":""},"categories":[14,6],"tags":[],"_links":{"self":[{"href":"https:\/\/diariodigitalmx.com\/index.php\/wp-json\/wp\/v2\/posts\/133261"}],"collection":[{"href":"https:\/\/diariodigitalmx.com\/index.php\/wp-json\/wp\/v2\/posts"}],"about":[{"href":"https:\/\/diariodigitalmx.com\/index.php\/wp-json\/wp\/v2\/types\/post"}],"author":[{"embeddable":true,"href":"https:\/\/diariodigitalmx.com\/index.php\/wp-json\/wp\/v2\/users\/1"}],"replies":[{"embeddable":true,"href":"https:\/\/diariodigitalmx.com\/index.php\/wp-json\/wp\/v2\/comments?post=133261"}],"version-history":[{"count":3,"href":"https:\/\/diariodigitalmx.com\/index.php\/wp-json\/wp\/v2\/posts\/133261\/revisions"}],"predecessor-version":[{"id":133290,"href":"https:\/\/diariodigitalmx.com\/index.php\/wp-json\/wp\/v2\/posts\/133261\/revisions\/133290"}],"wp:featuredmedia":[{"embeddable":true,"href":"https:\/\/diariodigitalmx.com\/index.php\/wp-json\/wp\/v2\/media\/133285"}],"wp:attachment":[{"href":"https:\/\/diariodigitalmx.com\/index.php\/wp-json\/wp\/v2\/media?parent=133261"}],"wp:term":[{"taxonomy":"category","embeddable":true,"href":"https:\/\/diariodigitalmx.com\/index.php\/wp-json\/wp\/v2\/categories?post=133261"},{"taxonomy":"post_tag","embeddable":true,"href":"https:\/\/diariodigitalmx.com\/index.php\/wp-json\/wp\/v2\/tags?post=133261"}],"curies":[{"name":"wp","href":"https:\/\/api.w.org\/{rel}","templated":true}]}}