{"id":133319,"date":"2025-04-02T19:34:01","date_gmt":"2025-04-03T01:34:01","guid":{"rendered":"https:\/\/diariodigitalmx.com\/?p=133319"},"modified":"2025-04-02T19:56:00","modified_gmt":"2025-04-03T01:56:00","slug":"se-amparan-comerciantes-de-la-croc-regresan-al-centro-de-monterrey","status":"publish","type":"post","link":"https:\/\/diariodigitalmx.com\/index.php\/2025\/04\/02\/se-amparan-comerciantes-de-la-croc-regresan-al-centro-de-monterrey\/","title":{"rendered":"Se amparan comerciantes de la CROC; regresan al centro de Monterrey"},"content":{"rendered":"\n<p>Ante la persecuci\u00f3n de inspectores municipales de Monterrey que favorecen a grupos&nbsp; de vendedores de los que reciben cuotas econ\u00f3micas, comerciantes informales de la&nbsp; CROC se ampararon y podr\u00e1n regresar a trabajar&nbsp; en algunos lugares del centro de la Ciudad.<\/p>\n\n\n\n<p>Osvaldo Serna Serv\u00edn dirigente sindical en la central obrera neolonesa encabeza la defensa de los 25 comerciantes que, en semanas anteriores fueron echados del centro de la ciudad por los inspectores municipales por instrucciones de Everardo Padr\u00f3n, director de Comercio en Monterrey, y el cual, otorg\u00f3 permiso a otros grupos para instalarse previo pago de una cuota.<\/p>\n\n\n\n<figure class=\"wp-block-image size-large\"><img loading=\"lazy\" decoding=\"async\" width=\"1024\" height=\"768\" src=\"https:\/\/diariodigitalmx.com\/wp-content\/uploads\/2025\/04\/20250402_113339-1024x768.jpg\" alt=\"\" class=\"wp-image-133335\" srcset=\"https:\/\/diariodigitalmx.com\/wp-content\/uploads\/2025\/04\/20250402_113339-1024x768.jpg 1024w, https:\/\/diariodigitalmx.com\/wp-content\/uploads\/2025\/04\/20250402_113339-300x225.jpg 300w, https:\/\/diariodigitalmx.com\/wp-content\/uploads\/2025\/04\/20250402_113339-768x576.jpg 768w, https:\/\/diariodigitalmx.com\/wp-content\/uploads\/2025\/04\/20250402_113339-1536x1152.jpg 1536w, https:\/\/diariodigitalmx.com\/wp-content\/uploads\/2025\/04\/20250402_113339-2048x1536.jpg 2048w\" sizes=\"(max-width: 1024px) 100vw, 1024px\" \/><\/figure>\n\n\n\n<p>Sin embargo, aclar\u00f3 qu\u00e9 a otros grupos de vendedores si les dejan trabajar porque les cobran una cuota econ\u00f3mica, inclusive, a uno de ellos que normalmente est\u00e1 en estado de ebriedad.<\/p>\n\n\n\n<p>Los comerciantes croquistas que tambi\u00e9n son artesanos han conseguido un amparo y se establecer\u00e1n en el corredor que est\u00e1 entre los estacionamientos del Casino Monterrey, de Doctor Coss&nbsp; a Zuazua.<\/p>\n\n\n\n<p>&#8220;Estos compa\u00f1eros son los que trabajaban en la&nbsp;<strong>Plaza Zaragoza<\/strong>, la Administraci\u00f3n pasada s\u00ed los dejaba, Colosio nos dio la oportunidad de trabajar ah\u00ed&#8221;, dijo Serna<\/p>\n\n\n\n<p>&#8220;Colosio nos hab\u00eda dado este espacio nada m\u00e1s s\u00e1bados y domingos y no sacan el sustento para sus hogares, son 25 compa\u00f1eros y nos tuvimos que amparar y ya con el amparo van a trabajar toda la semana&#8221;, a\u00f1adi\u00f3.<\/p>\n\n\n\n<p>Ahora buscar\u00e1n amparo oara unos mil comerciantes ya que, dijo Serna Serv\u00edn son perseguidos y atacados por autoridades municipales metropolitanas y en acciones directas contra la CROC solamente.<\/p>\n","protected":false},"excerpt":{"rendered":"<p>Ante la persecuci\u00f3n de inspectores municipales de Monterrey que favorecen a grupos&nbsp; de vendedores de los que reciben cuotas econ\u00f3micas, comerciantes informales de la&nbsp; CROC se ampararon y podr\u00e1n regresar a trabajar&nbsp; en algunos lugares del centro de la Ciudad. Osvaldo Serna Serv\u00edn dirigente sindical en la central obrera neolonesa encabeza la defensa de los [&hellip;]<\/p>\n","protected":false},"author":1,"featured_media":133333,"comment_status":"open","ping_status":"open","sticky":true,"template":"","format":"standard","meta":{"footnotes":""},"categories":[6,5],"tags":[],"_links":{"self":[{"href":"https:\/\/diariodigitalmx.com\/index.php\/wp-json\/wp\/v2\/posts\/133319"}],"collection":[{"href":"https:\/\/diariodigitalmx.com\/index.php\/wp-json\/wp\/v2\/posts"}],"about":[{"href":"https:\/\/diariodigitalmx.com\/index.php\/wp-json\/wp\/v2\/types\/post"}],"author":[{"embeddable":true,"href":"https:\/\/diariodigitalmx.com\/index.php\/wp-json\/wp\/v2\/users\/1"}],"replies":[{"embeddable":true,"href":"https:\/\/diariodigitalmx.com\/index.php\/wp-json\/wp\/v2\/comments?post=133319"}],"version-history":[{"count":2,"href":"https:\/\/diariodigitalmx.com\/index.php\/wp-json\/wp\/v2\/posts\/133319\/revisions"}],"predecessor-version":[{"id":133336,"href":"https:\/\/diariodigitalmx.com\/index.php\/wp-json\/wp\/v2\/posts\/133319\/revisions\/133336"}],"wp:featuredmedia":[{"embeddable":true,"href":"https:\/\/diariodigitalmx.com\/index.php\/wp-json\/wp\/v2\/media\/133333"}],"wp:attachment":[{"href":"https:\/\/diariodigitalmx.com\/index.php\/wp-json\/wp\/v2\/media?parent=133319"}],"wp:term":[{"taxonomy":"category","embeddable":true,"href":"https:\/\/diariodigitalmx.com\/index.php\/wp-json\/wp\/v2\/categories?post=133319"},{"taxonomy":"post_tag","embeddable":true,"href":"https:\/\/diariodigitalmx.com\/index.php\/wp-json\/wp\/v2\/tags?post=133319"}],"curies":[{"name":"wp","href":"https:\/\/api.w.org\/{rel}","templated":true}]}}